{"id":229089,"date":"2025-07-05T22:04:15","date_gmt":"2025-07-05T22:04:15","guid":{"rendered":"https:\/\/www.europesays.com\/fr\/229089\/"},"modified":"2025-07-05T22:04:15","modified_gmt":"2025-07-05T22:04:15","slug":"incendie-dans-lherault-tous-les-massifs-du-departement-fermes-a-la-population-dimanche-lalerte-rouge-declenchee","status":"publish","type":"post","link":"https:\/\/www.europesays.com\/fr\/229089\/","title":{"rendered":"Incendie dans l\u2019H\u00e9rault\u00a0: tous les massifs du d\u00e9partement ferm\u00e9s \u00e0 la population dimanche, l\u2019alerte rouge d\u00e9clench\u00e9e"},"content":{"rendered":"<p>\n                                                                Alors qu\u2019un incendie ravage la Gardiole ce 5\u00a0juillet 2025, la pr\u00e9fecture va interdire l\u2019acc\u00e8s aux massifs du d\u00e9partement dimanche. Les feux ont souvent une origine humaine, est l\u2019id\u00e9e est d\u2019\u00e9viter d\u00e9clencher un nouveau sinistre alors que la zone est \u00e0 risque \u00ab\u00a0\u00e9lev\u00e9\u00a0\u00bb, et bient\u00f4t maximal.\n                            <\/p>\n<p>La Gardiole<a href=\"https:\/\/www.midilibre.fr\/2025\/07\/05\/direct-incendie-a-fabregues-quatre-canadair-trafic-perturbe-sur-la9-vent-suivez-levolution-de-la-situation-12808215.php\" target=\"_blank\" rel=\"noopener\"> br\u00fble depuis plus de sept heures<\/a> et 390 pompiers sont sur le front dans l\u2019H\u00e9rault. Aussi, la pr\u00e9fecture interdira l\u2019acc\u00e8s <a href=\"https:\/\/www.midilibre.fr\/2025\/07\/05\/incendie-dans-lherault-fixe-circonscrit-maitrise-noye-on-vous-explique-les-etapes-qui-precedent-lextinction-dun-feu-12808557.php\" target=\"_blank\" rel=\"noopener\">\u00e0 tous les massifs de la r\u00e9gion<\/a>, nous indique Eric Flor\u00e8s, directeur du SDIS de l\u2019H\u00e9rault.<\/p>\n<p>Alerte rouge<\/p>\n<p>Ce samedi, la m\u00e9t\u00e9o des for\u00eats, sp\u00e9cialis\u00e9e dans le risque d\u2019incendie, pla\u00e7ait une partie de l\u2019H\u00e9rault en orange, soit un risque \u00ab\u00a0\u00e9lev\u00e9\u00a0\u00bb de d\u00e9part de feu.<\/p>\n<p>Dimanche, les plaines viticoles du c\u0153ur de l\u2019H\u00e9rault seront en vigilance rouge. Les 14 espaces forestiers du d\u00e9partement seront interdits d\u2019acc\u00e8s. Les incendies sont tr\u00e8s souvent provoqu\u00e9s par une intervention humaine, et par ailleurs ils exposent les populations \u00e0 des risques.<\/p>\n<p>        <img decoding=\"async\" class=\"std-img__img responsive-img\" src=\"https:\/\/www.europesays.com\/fr\/wp-content\/uploads\/2025\/07\/1751753055_688_image.png\" alt=\"L\u2019alerte rouge est d\u00e9clench\u00e9e.\"\/><\/p>\n<p>                L\u2019alerte rouge est d\u00e9clench\u00e9e.<br \/>\n                                    Pr\u00e9fecture.<\/p>\n<p>C\u2019est pour limiter le d\u00e9clenchement de nouveaux feux et prot\u00e9ger les personnes que la pr\u00e9fecture prend cette d\u00e9cision.<\/p>\n<p>Ce samedi, 400 hectares ont br\u00fbl\u00e9. L\u2019incendie a commenc\u00e9 \u00e0 Fabr\u00e8gues, avant de s\u2019\u00e9tendre jusqu\u2019\u00e0 la commune de Mireval. 390 pompiers interviennent et passeront la nuit sur place.\u00a0Pour le moment, aucune habitation n\u2019a \u00e9t\u00e9 touch\u00e9e par le sinistre. Aucune victime n\u2019est \u00e0 d\u00e9plorer. Une quinzaine de personnes a \u00e9t\u00e9 \u00e9vacu\u00e9e par mesure de pr\u00e9caution.<\/p>\n","protected":false},"excerpt":{"rendered":"Alors qu\u2019un incendie ravage la Gardiole ce 5\u00a0juillet 2025, la pr\u00e9fecture va interdire l\u2019acc\u00e8s aux massifs du d\u00e9partement&hellip;\n","protected":false},"author":2,"featured_media":229090,"comment_status":"","ping_status":"","sticky":false,"template":"","format":"standard","meta":{"footnotes":""},"categories":[9599],"tags":[1111,11,1777,674,1011,27,2208,12,2680,25],"class_list":{"0":"post-229089","1":"post","2":"type-post","3":"status-publish","4":"format-standard","5":"has-post-thumbnail","7":"category-montpellier","8":"tag-actu","9":"tag-actualites","10":"tag-eu","11":"tag-europe","12":"tag-fr","13":"tag-france","14":"tag-montpellier","15":"tag-news","16":"tag-occitanie","17":"tag-republique-francaise"},"share_on_mastodon":{"url":"https:\/\/pubeurope.com\/@fr\/114802895419997477","error":""},"_links":{"self":[{"href":"https:\/\/www.europesays.com\/fr\/wp-json\/wp\/v2\/posts\/229089","targetHints":{"allow":["GET"]}}],"collection":[{"href":"https:\/\/www.europesays.com\/fr\/wp-json\/wp\/v2\/posts"}],"about":[{"href":"https:\/\/www.europesays.com\/fr\/wp-json\/wp\/v2\/types\/post"}],"author":[{"embeddable":true,"href":"https:\/\/www.europesays.com\/fr\/wp-json\/wp\/v2\/users\/2"}],"replies":[{"embeddable":true,"href":"https:\/\/www.europesays.com\/fr\/wp-json\/wp\/v2\/comments?post=229089"}],"version-history":[{"count":0,"href":"https:\/\/www.europesays.com\/fr\/wp-json\/wp\/v2\/posts\/229089\/revisions"}],"wp:featuredmedia":[{"embeddable":true,"href":"https:\/\/www.europesays.com\/fr\/wp-json\/wp\/v2\/media\/229090"}],"wp:attachment":[{"href":"https:\/\/www.europesays.com\/fr\/wp-json\/wp\/v2\/media?parent=229089"}],"wp:term":[{"taxonomy":"category","embeddable":true,"href":"https:\/\/www.europesays.com\/fr\/wp-json\/wp\/v2\/categories?post=229089"},{"taxonomy":"post_tag","embeddable":true,"href":"https:\/\/www.europesays.com\/fr\/wp-json\/wp\/v2\/tags?post=229089"}],"curies":[{"name":"wp","href":"https:\/\/api.w.org\/{rel}","templated":true}]}}