{"id":229106,"date":"2025-07-05T22:19:12","date_gmt":"2025-07-05T22:19:12","guid":{"rendered":"https:\/\/www.europesays.com\/fr\/229106\/"},"modified":"2025-07-05T22:19:12","modified_gmt":"2025-07-05T22:19:12","slug":"bordeaux-p2-galan-et-chingotto-survivent-a-la-tempete-tello-di-nenno-et-filent-en-finale","status":"publish","type":"post","link":"https:\/\/www.europesays.com\/fr\/229106\/","title":{"rendered":"Bordeaux P2 \u2013 Gal\u00e1n et Chingotto survivent \u00e0 la temp\u00eate Tello \/ Di Nenno et filent en finale"},"content":{"rendered":"<p><strong>Quatri\u00e8me confrontation, quatri\u00e8me victoire<\/strong> pour <strong>Ale Gal\u00e1n<\/strong> et <strong>Fede Chingotto<\/strong> face au duo <strong>Di Nenno \/ Tello<\/strong>. Mais cette demi-finale du <strong>Bordeaux Premier Padel P2<\/strong> n\u2019a pas \u00e9t\u00e9 de tout repos.<\/p>\n<p><strong>Un d\u00e9part solide, une alerte vite ma\u00eetris\u00e9e<\/strong><\/p>\n<p>Le match commence par un <strong>break d\u2019entr\u00e9e<\/strong> pour Gal\u00e1n et Chingotto. Mais leurs adversaires r\u00e9agissent imm\u00e9diatement avec un <strong>debake \u00e9clair<\/strong>. \u00c0 2\/2, le combat s\u2019engage vraiment. Malheureusement pour Tello, une pr\u00e9cipitation sur son jeu de service leur co\u00fbte cher. Gal\u00e1n et Chingotto en profitent pour <strong>reprendre le break<\/strong>. Solides comme \u00e0 leur habitude, ils g\u00e8rent l\u2019avantage jusqu\u2019au bout pour empocher la <strong>premi\u00e8re manche 6\/4<\/strong>.<\/p>\n<p><strong>Le tournant manqu\u00e9 par Tello et Di Nenno<\/strong><\/p>\n<p>Dans le <strong>deuxi\u00e8me set<\/strong>, Tello et Di Nenno montent clairement en r\u00e9gime. Plus agressifs, plus pr\u00e9cis, ils <strong>dominent les d\u00e9bats<\/strong> et se procurent <strong>quatre balles de break<\/strong> \u00e0 3\/2. Mais Gal\u00e1n et Chingotto, fid\u00e8les \u00e0 leur statut de <strong>num\u00e9ro 2 mondiaux<\/strong>, sortent les barbel\u00e9s. Ils sauvent toutes les occasions et inversent la dynamique du match.<\/p>\n<p>\u00c0 4\/4, c\u2019est au tour de Gal\u00e1n et Chingotto de frapper, avec un break au moment parfait. Mais au moment de servir pour le match, le bras tremble. <strong>Tello sort le grand jeu<\/strong> et permet \u00e0 son \u00e9quipe de <strong>debreak dans un moment critique<\/strong>.<\/p>\n<p><strong>Un tie-break \u00e9lectrique pour conclure<\/strong><\/p>\n<p>Place donc au <strong>tie-break<\/strong> pour conclure ce bras de fer. Tello et Di Nenno prennent l\u2019avantage, jusqu\u2019\u00e0 <strong>mener 5-3<\/strong>. Et l\u00e0, tout bascule : <strong>point litigieux<\/strong>, Di nenno proteste, Gal\u00e1n s\u2019agace, les esprits s\u2019\u00e9chauffent. Le point est finalement accord\u00e9 \u00e0 Gal\u00e1n, et l\u2019atmosph\u00e8re se tend brutalement. Dans cette fin de match nerveuse, ce sont Gal\u00e1n et Chingotto qui gardent la t\u00eate froide et <strong>plient le match sur un tie-break \u00e9touffant<\/strong>.<\/p>\n<p><img title=\"image | Padel Magazine\" decoding=\"async\" src=\"https:\/\/www.europesays.com\/fr\/wp-content\/uploads\/2025\/07\/image-8.png\" alt=\"\" class=\"wp-image-263361\"\/><strong>Une finale au sommet face aux n\u00b01 mondiaux<\/strong><\/p>\n<p>Demain, place au grand rendez-vous. <strong>Gal\u00e1n et Chingotto retrouveront Coello et Tapia<\/strong> en finale, pour un <strong>choc tant attendu entre les deux meilleures paires mondiales<\/strong>. Le public bordelais en r\u00eavait, il l\u2019aura.<\/p>\n<p><img loading=\"lazy\" decoding=\"async\" data-del=\"avatar\" alt=\"Benjamin Dupouy\" src=\"https:\/\/www.europesays.com\/fr\/wp-content\/uploads\/2025\/04\/IMG_5219-150x150.jpg\" class=\"avatar pp-user-avatar avatar-100 photo \" height=\"100\" width=\"100\"\/><\/p>\n<p>J\u2019ai d\u00e9couvert le padel directement lors d\u2019un tournoi, et franchement, je n\u2019ai pas trop accroch\u00e9 au d\u00e9but. Mais la deuxi\u00e8me fois, \u00e7a a \u00e9t\u00e9 le coup de foudre, et depuis, je ne rate plus un seul match. Je suis m\u00eame pr\u00eat \u00e0 rester \u00e9veill\u00e9 jusqu\u2019\u00e0 3h du matin pour regarder une finale de Premier Padel !<\/p>\n<p class=\"related-title\">Sur le m\u00eame sujet<\/p>\n","protected":false},"excerpt":{"rendered":"Quatri\u00e8me confrontation, quatri\u00e8me victoire pour Ale Gal\u00e1n et Fede Chingotto face au duo Di Nenno \/ Tello. Mais&hellip;\n","protected":false},"author":2,"featured_media":229107,"comment_status":"","ping_status":"","sticky":false,"template":"","format":"standard","meta":{"footnotes":""},"categories":[2817],"tags":[1111,11,1997,1777,674,1011,27,12,2219,30680,25],"class_list":{"0":"post-229106","1":"post","2":"type-post","3":"status-publish","4":"format-standard","5":"has-post-thumbnail","7":"category-bordeaux","8":"tag-actu","9":"tag-actualites","10":"tag-bordeaux","11":"tag-eu","12":"tag-europe","13":"tag-fr","14":"tag-france","15":"tag-news","16":"tag-nouvelle-aquitaine","17":"tag-premier-padel-bordeaux-p2","18":"tag-republique-francaise"},"share_on_mastodon":{"url":"https:\/\/pubeurope.com\/@fr\/114802954341342630","error":""},"_links":{"self":[{"href":"https:\/\/www.europesays.com\/fr\/wp-json\/wp\/v2\/posts\/229106","targetHints":{"allow":["GET"]}}],"collection":[{"href":"https:\/\/www.europesays.com\/fr\/wp-json\/wp\/v2\/posts"}],"about":[{"href":"https:\/\/www.europesays.com\/fr\/wp-json\/wp\/v2\/types\/post"}],"author":[{"embeddable":true,"href":"https:\/\/www.europesays.com\/fr\/wp-json\/wp\/v2\/users\/2"}],"replies":[{"embeddable":true,"href":"https:\/\/www.europesays.com\/fr\/wp-json\/wp\/v2\/comments?post=229106"}],"version-history":[{"count":0,"href":"https:\/\/www.europesays.com\/fr\/wp-json\/wp\/v2\/posts\/229106\/revisions"}],"wp:featuredmedia":[{"embeddable":true,"href":"https:\/\/www.europesays.com\/fr\/wp-json\/wp\/v2\/media\/229107"}],"wp:attachment":[{"href":"https:\/\/www.europesays.com\/fr\/wp-json\/wp\/v2\/media?parent=229106"}],"wp:term":[{"taxonomy":"category","embeddable":true,"href":"https:\/\/www.europesays.com\/fr\/wp-json\/wp\/v2\/categories?post=229106"},{"taxonomy":"post_tag","embeddable":true,"href":"https:\/\/www.europesays.com\/fr\/wp-json\/wp\/v2\/tags?post=229106"}],"curies":[{"name":"wp","href":"https:\/\/api.w.org\/{rel}","templated":true}]}}