{"id":229112,"date":"2025-07-05T22:22:11","date_gmt":"2025-07-05T22:22:11","guid":{"rendered":"https:\/\/www.europesays.com\/fr\/229112\/"},"modified":"2025-07-05T22:22:11","modified_gmt":"2025-07-05T22:22:11","slug":"un-dispositif-de-securite-hors-du-commun","status":"publish","type":"post","link":"https:\/\/www.europesays.com\/fr\/229112\/","title":{"rendered":"Un dispositif de s\u00e9curit\u00e9 hors du commun"},"content":{"rendered":"<p><img decoding=\"async\" class=\"\" style=\"width:100%;max-width:100%\" src=\"https:\/\/www.europesays.com\/fr\/wp-content\/uploads\/2025\/07\/516707918_1056752359923837_1853648955088855341_n1751744864291-format16by9.jpg\" alt=\"Police du Nord\"\/><\/p>\n<p>De nombreux agents sont mobilis\u00e9s. <\/p>\n<p>Cr\u00e9dit : Police du Nord<\/p>\n<p data-syno-attrs=\"{&quot;textMarks&quot;:[{&quot;_&quot;:&quot;font_size&quot;,&quot;value&quot;:&quot;14pt&quot;},{&quot;_&quot;:&quot;font_family&quot;,&quot;value&quot;:&quot;Times New Roman&quot;}]}\"><strong>Si la premi\u00e8re \u00e9tape du Tour de France autour de Lille a \u00e9t\u00e9 difficile pour les coureurs, en mati\u00e8re de s\u00e9curit\u00e9 elle s\u2019est pass\u00e9e sans souci. <\/strong><\/p>\n<p data-syno-attrs=\"{&quot;textMarks&quot;:[{&quot;_&quot;:&quot;font_size&quot;,&quot;value&quot;:&quot;14pt&quot;},{&quot;_&quot;:&quot;font_family&quot;,&quot;value&quot;:&quot;Times New Roman&quot;}]}\">\u00ab\u00a0J\u2019adore qu\u2019un plan se d\u00e9roule sans accroc\u00a0\u00bb, disait Hannibal Smith, dans l\u2019Agence tous risque. Sur le plan de la s\u00e9curit\u00e9, cette premi\u00e8re \u00e9tape de la Grande Boucle, <a href=\"https:\/\/www.deltafm.fr\/deja-des-surprises-et-du-spectacle-sur-le-tour-de-france\" rel=\"noopener\" target=\"_blank\">remport\u00e9e par Jasper Philipsen<\/a>, s\u2019est justement d\u00e9roul\u00e9e sans souci. <\/p>\n<p data-syno-attrs=\"{&quot;textMarks&quot;:[{&quot;_&quot;:&quot;font_size&quot;,&quot;value&quot;:&quot;14pt&quot;},{&quot;_&quot;:&quot;font_family&quot;,&quot;value&quot;:&quot;Times New Roman&quot;}]}\"><a href=\"https:\/\/www.letour.fr\/fr\" rel=\"noopener\" target=\"_blank\">En m\u00eame temps, le dispositif est impressionnant. Le minist\u00e8re de l\u2019Int\u00e9rieur est un partenaire majeur du Tour de France.<\/a> <\/p>\n<p data-syno-attrs=\"{&quot;textMarks&quot;:[{&quot;_&quot;:&quot;font_size&quot;,&quot;value&quot;:&quot;14pt&quot;},{&quot;_&quot;:&quot;font_family&quot;,&quot;value&quot;:&quot;Times New Roman&quot;}]}\"><strong>L\u2019ensemble des services, pr\u00e9fectures, police nationale, gendarmerie nationale et s\u00e9curit\u00e9 civile, est mobilis\u00e9 pour accompagner l\u2019\u00e9v\u00e9nement. <\/strong>Toutes les mesures n\u00e9cessaires sont d\u00e9ploy\u00e9es. Un centre op\u00e9rationnel d\u00e9partemental (COD) est activ\u00e9 jusque lundi. <\/p>\n<p data-syno-attrs=\"{&quot;textMarks&quot;:[{&quot;_&quot;:&quot;font_size&quot;,&quot;value&quot;:&quot;14pt&quot;},{&quot;_&quot;:&quot;font_family&quot;,&quot;value&quot;:&quot;Times New Roman&quot;}]}\"><strong>S\u00e9curit\u00e9 en amont,<\/strong> toute vente ambulante de produits, denr\u00e9es, articles et objets quelconques sur la voie publique est interdite \u00e0 l\u2019ext\u00e9rieur des agglom\u00e9rations, sur les voies emprunt\u00e9es par le Tour, le jour de son passage dans la R\u00e9gion. Aucun a\u00e9ronef ou a\u00e9rostat ne peut survoler la course et la caravane \u00e0 une hauteur inf\u00e9rieure \u00e0 500 m\u00e8tres. L\u2019emploi de drones dans l\u2019espace a\u00e9rien du Tour n\u2019est autoris\u00e9 que pour l\u2019exercice des missions de s\u00e9curit\u00e9 civile, de police et de gendarmerie nationales.<\/p>\n<blockquote>\n<p data-syno-attrs=\"{&quot;textMarks&quot;:[{&quot;_&quot;:&quot;font_size&quot;,&quot;value&quot;:&quot;14pt&quot;},{&quot;_&quot;:&quot;font_family&quot;,&quot;value&quot;:&quot;Times New Roman&quot;}]}\">Les effectifs d\u00e9ploy\u00e9s <\/p>\n<\/blockquote>\n<p data-syno-attrs=\"{&quot;textMarks&quot;:[{&quot;_&quot;:&quot;font_size&quot;,&quot;value&quot;:&quot;14pt&quot;},{&quot;_&quot;:&quot;font_family&quot;,&quot;value&quot;:&quot;Times New Roman&quot;}]}\">Nombre d\u2019effectifs mobilis\u00e9s pour les services de l\u2019\u00c9tat sur les trois \u00e9tapes de ce samedi, dimanche, lundi. <\/p>\n<p data-syno-attrs=\"{&quot;textMarks&quot;:[{&quot;_&quot;:&quot;font_size&quot;,&quot;value&quot;:&quot;14pt&quot;},{&quot;_&quot;:&quot;font_family&quot;,&quot;value&quot;:&quot;Times New Roman&quot;}]}\">1153 effectifs police et 33 agents du renseignement territorial<\/p>\n<p data-syno-attrs=\"{&quot;textMarks&quot;:[{&quot;_&quot;:&quot;font_size&quot;,&quot;value&quot;:&quot;14pt&quot;},{&quot;_&quot;:&quot;font_family&quot;,&quot;value&quot;:&quot;Times New Roman&quot;}]}\">908 militaires de la gendarmerie nationale<\/p>\n<p data-syno-attrs=\"{&quot;textMarks&quot;:[{&quot;_&quot;:&quot;font_size&quot;,&quot;value&quot;:&quot;14pt&quot;},{&quot;_&quot;:&quot;font_family&quot;,&quot;value&quot;:&quot;Times New Roman&quot;}]}\">76 sapeurs-pompiers<\/p>\n<p data-syno-attrs=\"{&quot;textMarks&quot;:[{&quot;_&quot;:&quot;font_size&quot;,&quot;value&quot;:&quot;14pt&quot;},{&quot;_&quot;:&quot;font_family&quot;,&quot;value&quot;:&quot;Times New Roman&quot;}]}\">\u00a0<\/p>\n","protected":false},"excerpt":{"rendered":"De nombreux agents sont mobilis\u00e9s. Cr\u00e9dit : Police du Nord Si la premi\u00e8re \u00e9tape du Tour de France&hellip;\n","protected":false},"author":2,"featured_media":229113,"comment_status":"","ping_status":"","sticky":false,"template":"","format":"standard","meta":{"footnotes":""},"categories":[2815],"tags":[1111,11,36761,23611,36759,36766,36762,920,36763,1777,674,1011,27,16137,811,36765,1307,36764,1014,12,4843,36758,25,5153,656,10965,210,36760],"class_list":{"0":"post-229112","1":"post","2":"type-post","3":"status-publish","4":"format-standard","5":"has-post-thumbnail","7":"category-lille","8":"tag-actu","9":"tag-actualites","10":"tag-aeronef-survol-interdit","11":"tag-boulogne","12":"tag-centre-operationnel-departemental","13":"tag-dispositif-impressionnant","14":"tag-drones-autorises-missions-securite","15":"tag-dunkerque","16":"tag-effectifs-mobilises","17":"tag-eu","18":"tag-europe","19":"tag-fr","20":"tag-france","21":"tag-gendarmerie-nationale","22":"tag-hauts-de-france","23":"tag-jasper-philipsen-victoire-etape","24":"tag-lille","25":"tag-militaires-gendarmerie-nationale","26":"tag-ministere-de-linterieur","27":"tag-news","28":"tag-police-nationale","29":"tag-prefectures","30":"tag-republique-francaise","31":"tag-sapeurs-pompiers","32":"tag-securite","33":"tag-securite-civile","34":"tag-tour-de-france","35":"tag-vente-ambulante-interdite"},"share_on_mastodon":{"url":"","error":"Validation failed: Text character limit of 500 exceeded"},"_links":{"self":[{"href":"https:\/\/www.europesays.com\/fr\/wp-json\/wp\/v2\/posts\/229112","targetHints":{"allow":["GET"]}}],"collection":[{"href":"https:\/\/www.europesays.com\/fr\/wp-json\/wp\/v2\/posts"}],"about":[{"href":"https:\/\/www.europesays.com\/fr\/wp-json\/wp\/v2\/types\/post"}],"author":[{"embeddable":true,"href":"https:\/\/www.europesays.com\/fr\/wp-json\/wp\/v2\/users\/2"}],"replies":[{"embeddable":true,"href":"https:\/\/www.europesays.com\/fr\/wp-json\/wp\/v2\/comments?post=229112"}],"version-history":[{"count":0,"href":"https:\/\/www.europesays.com\/fr\/wp-json\/wp\/v2\/posts\/229112\/revisions"}],"wp:featuredmedia":[{"embeddable":true,"href":"https:\/\/www.europesays.com\/fr\/wp-json\/wp\/v2\/media\/229113"}],"wp:attachment":[{"href":"https:\/\/www.europesays.com\/fr\/wp-json\/wp\/v2\/media?parent=229112"}],"wp:term":[{"taxonomy":"category","embeddable":true,"href":"https:\/\/www.europesays.com\/fr\/wp-json\/wp\/v2\/categories?post=229112"},{"taxonomy":"post_tag","embeddable":true,"href":"https:\/\/www.europesays.com\/fr\/wp-json\/wp\/v2\/tags?post=229112"}],"curies":[{"name":"wp","href":"https:\/\/api.w.org\/{rel}","templated":true}]}}