{"id":229114,"date":"2025-07-05T22:23:16","date_gmt":"2025-07-05T22:23:16","guid":{"rendered":"https:\/\/www.europesays.com\/fr\/229114\/"},"modified":"2025-07-05T22:23:16","modified_gmt":"2025-07-05T22:23:16","slug":"tour-de-france-a-quelle-heure-et-sur-quelle-chaine-tv-voir-la-1ere-etape-lille-lille-ce-samedi-5-juillet","status":"publish","type":"post","link":"https:\/\/www.europesays.com\/fr\/229114\/","title":{"rendered":"Tour de France : \u00e0 quelle heure et sur quelle cha\u00eene TV voir la 1\u00e8re \u00e9tape Lille-Lille ce samedi 5 juillet ?"},"content":{"rendered":"<p class=\"paragraph text_align_left lp-f-body-02\">C\u2019est parti pour le <a href=\"https:\/\/www.leparisien.fr\/sports\/cyclisme\/tour-de-france\/\" target=\"_blank\" rel=\"noreferrer nofollow noopener\">Tour de France 2025<\/a>. Pour ce rendez-vous attendu par tous les amateurs de <a href=\"https:\/\/www.leparisien.fr\/sports\/cyclisme\/\" target=\"_blank\" rel=\"noreferrer nofollow noopener\">cyclisme<\/a>, la 1\u00e8re \u00e9tape propose ce samedi 5 juillet un beau programme sur 184,9km de Lille \u00e0 Lille.<\/p>\n<p class=\"paragraph text_align_left lp-f-body-02\">Pour ce premier rendez-vous, le parcours commence par des secteurs plats autour de la m\u00e9tropole, avant de s\u2019animer avec trois c\u00f4tes : Notre\u2011Dame\u2011de\u2011Lorette (1\u202fkm \u00e0 7,6%), le Mont Cassel, (2,3\u202fkm \u00e0 3,5%, et le Mont Noir (1,3\u202fkm \u00e0 6,4%). <\/p>\n<p class=\"paragraph text_align_left lp-f-body-02\">Des ascensions qui offriront l\u2019occasion aux coureurs de prendre les premiers points pour le maillot \u00e0 pois, d\u2019animer la course et de fatiguer le peloton. Le terrain, dans sa globalit\u00e9, reste favorable aux sprinteurs.<\/p>\n<p class=\"paragraph text_align_left lp-f-body-02\"><b>La 1\u00e8re \u00e9tape Lille-Lille ce samedi 5 juillet sera \u00e0 suivre \u00e0 partir de 13h10 (d\u00e9part fictif) sur les antennes de France t\u00e9l\u00e9visions (France 3 puis France 2) et Eurosport 1 ainsi qu\u2019en direct comment\u00e9 sur notre site leparisien.fr<\/b><\/p>\n","protected":false},"excerpt":{"rendered":"C\u2019est parti pour le Tour de France 2025. Pour ce rendez-vous attendu par tous les amateurs de cyclisme,&hellip;\n","protected":false},"author":2,"featured_media":229115,"comment_status":"","ping_status":"","sticky":false,"template":"","format":"standard","meta":{"footnotes":""},"categories":[2815],"tags":[1111,11,207,1777,674,1011,27,811,1307,12,25,60,210],"class_list":{"0":"post-229114","1":"post","2":"type-post","3":"status-publish","4":"format-standard","5":"has-post-thumbnail","7":"category-lille","8":"tag-actu","9":"tag-actualites","10":"tag-cyclisme","11":"tag-eu","12":"tag-europe","13":"tag-fr","14":"tag-france","15":"tag-hauts-de-france","16":"tag-lille","17":"tag-news","18":"tag-republique-francaise","19":"tag-sports","20":"tag-tour-de-france"},"share_on_mastodon":{"url":"https:\/\/pubeurope.com\/@fr\/114802970518529036","error":""},"_links":{"self":[{"href":"https:\/\/www.europesays.com\/fr\/wp-json\/wp\/v2\/posts\/229114","targetHints":{"allow":["GET"]}}],"collection":[{"href":"https:\/\/www.europesays.com\/fr\/wp-json\/wp\/v2\/posts"}],"about":[{"href":"https:\/\/www.europesays.com\/fr\/wp-json\/wp\/v2\/types\/post"}],"author":[{"embeddable":true,"href":"https:\/\/www.europesays.com\/fr\/wp-json\/wp\/v2\/users\/2"}],"replies":[{"embeddable":true,"href":"https:\/\/www.europesays.com\/fr\/wp-json\/wp\/v2\/comments?post=229114"}],"version-history":[{"count":0,"href":"https:\/\/www.europesays.com\/fr\/wp-json\/wp\/v2\/posts\/229114\/revisions"}],"wp:featuredmedia":[{"embeddable":true,"href":"https:\/\/www.europesays.com\/fr\/wp-json\/wp\/v2\/media\/229115"}],"wp:attachment":[{"href":"https:\/\/www.europesays.com\/fr\/wp-json\/wp\/v2\/media?parent=229114"}],"wp:term":[{"taxonomy":"category","embeddable":true,"href":"https:\/\/www.europesays.com\/fr\/wp-json\/wp\/v2\/categories?post=229114"},{"taxonomy":"post_tag","embeddable":true,"href":"https:\/\/www.europesays.com\/fr\/wp-json\/wp\/v2\/tags?post=229114"}],"curies":[{"name":"wp","href":"https:\/\/api.w.org\/{rel}","templated":true}]}}