{"id":229116,"date":"2025-07-05T22:24:09","date_gmt":"2025-07-05T22:24:09","guid":{"rendered":"https:\/\/www.europesays.com\/fr\/229116\/"},"modified":"2025-07-05T22:24:09","modified_gmt":"2025-07-05T22:24:09","slug":"le-conseil-municipal-dallauch-vire-au-reglement-de-comptes-politique","status":"publish","type":"post","link":"https:\/\/www.europesays.com\/fr\/229116\/","title":{"rendered":"Le conseil municipal d&rsquo;Allauch vire au r\u00e8glement de comptes politique"},"content":{"rendered":"<p>Les cigales ont laiss\u00e9 place aux noms d\u2019oiseaux, \u00e0 <a href=\"https:\/\/www.laprovence.com\/article\/region\/1556990822492516\/tournage-de-plus-belle-la-vie-un-musee-pagnol-a-allauch-flotte-un-air-de-movida-provencale\" target=\"_blank\" rel=\"noopener\">Allauch<\/a>, en ce premier jour de <a href=\"https:\/\/www.laprovence.com\/article\/societe\/16436878344753\/vacances-scolaires-la-france-pas-si-genereuse-par-rapport-a-ses-voisins-europeens\" target=\"_blank\" rel=\"noopener\">vacances scolaires<\/a>, samedi 5\u00a0juillet. R\u00e9unis pour le conseil municipal qui se d\u00e9roulait dans la cour de l\u2019\u00e9cole des Gonagues, les \u00e9lus avaient pourtant abord\u00e9 les premi\u00e8res d\u00e9lib\u00e9rations avec respect.<\/p>\n<p>\u00ab\u00a0Vous b\u00e2illonnez l\u2019opposition quand elle n\u2019est pas d\u2019accord\u00a0\u00bb<\/p>\n<p>Au menu, la s\u00e9curit\u00e9, avec \u00ab\u00a0une baisse de 47% des cambriolages gr\u00e2ce au dispositif Voisins vigilants\u00a0\u00bb, reconduit pour cinq ans. Un satisfecit, aussi, puisque le nouveau <a href=\"https:\/\/www.laprovence.com\/article\/region\/4989316133610214\/bibliotheque-lieu-dexposition-la-renaissance-culturelle-de-lusine-electrique-dallauch\" target=\"_blank\" rel=\"noopener\">p\u00f4le culturel d\u2019Allauch<\/a> a accueilli \u00ab\u00a0100\u00a0000\u00a0visiteurs en quelques mois, bien au-del\u00e0 des pr\u00e9visions les plus optimistes\u00a0\u00bb, a fait valoir le maire (LR), Lionel de Cala, sous le regard d\u2019une centaine d\u2019Allaudiens dont certains en ligne devant les d\u00e9bats.<\/p>\n","protected":false},"excerpt":{"rendered":"Les cigales ont laiss\u00e9 place aux noms d\u2019oiseaux, \u00e0 Allauch, en ce premier jour de vacances scolaires, samedi&hellip;\n","protected":false},"author":2,"featured_media":229117,"comment_status":"","ping_status":"","sticky":false,"template":"","format":"standard","meta":{"footnotes":""},"categories":[2814],"tags":[17,1111,11,7516,11821,1777,674,1011,27,36767,884,7517,12,5261,882,16,25,4023,4568],"class_list":{"0":"post-229116","1":"post","2":"type-post","3":"status-publish","4":"format-standard","5":"has-post-thumbnail","7":"category-marseille","8":"tag-17","9":"tag-actu","10":"tag-actualites","11":"tag-conseil","12":"tag-dossiers","13":"tag-eu","14":"tag-europe","15":"tag-fr","16":"tag-france","17":"tag-maitrisez","18":"tag-marseille","19":"tag-municipal","20":"tag-news","21":"tag-pas","22":"tag-provence-alpes-cote-dazur","23":"tag-region","24":"tag-republique-francaise","25":"tag-vos","26":"tag-vous"},"share_on_mastodon":{"url":"https:\/\/pubeurope.com\/@fr\/114802974212602615","error":""},"_links":{"self":[{"href":"https:\/\/www.europesays.com\/fr\/wp-json\/wp\/v2\/posts\/229116","targetHints":{"allow":["GET"]}}],"collection":[{"href":"https:\/\/www.europesays.com\/fr\/wp-json\/wp\/v2\/posts"}],"about":[{"href":"https:\/\/www.europesays.com\/fr\/wp-json\/wp\/v2\/types\/post"}],"author":[{"embeddable":true,"href":"https:\/\/www.europesays.com\/fr\/wp-json\/wp\/v2\/users\/2"}],"replies":[{"embeddable":true,"href":"https:\/\/www.europesays.com\/fr\/wp-json\/wp\/v2\/comments?post=229116"}],"version-history":[{"count":0,"href":"https:\/\/www.europesays.com\/fr\/wp-json\/wp\/v2\/posts\/229116\/revisions"}],"wp:featuredmedia":[{"embeddable":true,"href":"https:\/\/www.europesays.com\/fr\/wp-json\/wp\/v2\/media\/229117"}],"wp:attachment":[{"href":"https:\/\/www.europesays.com\/fr\/wp-json\/wp\/v2\/media?parent=229116"}],"wp:term":[{"taxonomy":"category","embeddable":true,"href":"https:\/\/www.europesays.com\/fr\/wp-json\/wp\/v2\/categories?post=229116"},{"taxonomy":"post_tag","embeddable":true,"href":"https:\/\/www.europesays.com\/fr\/wp-json\/wp\/v2\/tags?post=229116"}],"curies":[{"name":"wp","href":"https:\/\/api.w.org\/{rel}","templated":true}]}}