{"id":229119,"date":"2025-07-05T22:26:11","date_gmt":"2025-07-05T22:26:11","guid":{"rendered":"https:\/\/www.europesays.com\/fr\/229119\/"},"modified":"2025-07-05T22:26:11","modified_gmt":"2025-07-05T22:26:11","slug":"pas-de-metro-b-ce-dimanche-a-lyon","status":"publish","type":"post","link":"https:\/\/www.europesays.com\/fr\/229119\/","title":{"rendered":"Pas de m\u00e9tro B ce dimanche \u00e0 Lyon"},"content":{"rendered":"<p itemprop=\"description\"><strong>Pas avant 18h en tout cas&#8230;<\/strong><\/p>\n<p>Pour les d\u00e9parts en vacances ou les retours du week-end, il faudra faire sans le m\u00e9tro B ce dimanche. La ligne sera en effet \u00e0 l&rsquo;arr\u00eat jusqu&rsquo;\u00e0 18h.<\/p>\n<p>\u00ab\u00a0Nos \u00e9quipes effectueront des essais pour renforcer la capacit\u00e9 et le confort des voyageurs\u00a0\u00bb, indiquent les TCL.\u00a0<\/p>\n<p>Des bus relais seront mis en place et fonctionneront entre les stations de Gare Part-Dieu Vivier Merle \u00e0 Saint-Genis-Laval H\u00f4pital Lyon Sud toutes les 10 \u00e0 15 minutes. A noter qu&rsquo;ils ne desserviront pas les arr\u00eats Stade de Gerland et Gare d&rsquo;Oullins.<\/p>\n<blockquote class=\"twitter-tweet\"><p>&#13;<\/p>\n<p dir=\"ltr\" lang=\"fr\">\ud83d\udea7 [TRAVAUX] M\u00e9tro B<br \/>\ud83d\udcc5 Ce dimanche 6 Juillet, la circulation de la ligne B sera interrompue jusqu\u2019\u00e0 18h00 pour des essais visant \u00e0 am\u00e9liorer capacit\u00e9 et confort des voyageurs.<br \/>\ud83d\ude8cBus relais disponibles pour assurer vos trajets.<br \/>\ud83d\udc49+ d&rsquo;infos : <a href=\"https:\/\/t.co\/khZoaDrElg\">https:\/\/t.co\/khZoaDrElg<\/a><br \/>\ud83d\udcf8\u00c9ric Soudan <a href=\"https:\/\/t.co\/gEJr59vjwN\">pic.twitter.com\/gEJr59vjwN<\/a><\/p>\n<p>&#13;<br \/>\n\u2014 TCL (@TCL_SYTRAL) <a href=\"https:\/\/twitter.com\/TCL_SYTRAL\/status\/1941050221200302391?ref_src=twsrc%5Etfw\" target=\"_blank\" rel=\"noopener\">July 4, 2025<\/a><\/p><\/blockquote>\n<p>\t\t  <script async src=\"https:\/\/platform.twitter.com\/widgets.js\" charset=\"utf-8\"><\/script><\/p>\n","protected":false},"excerpt":{"rendered":"Pas avant 18h en tout cas&#8230; Pour les d\u00e9parts en vacances ou les retours du week-end, il faudra&hellip;\n","protected":false},"author":2,"featured_media":229120,"comment_status":"","ping_status":"","sticky":false,"template":"","format":"standard","meta":{"footnotes":""},"categories":[1889],"tags":[1111,11,2813,2190,2430,1109,251,1112,2811,1777,674,118,1011,27,1922,1110,1114,2428,2810,12,241,316,25,2812,517,800],"class_list":{"0":"post-229119","1":"post","2":"type-post","3":"status-publish","4":"format-standard","5":"has-post-thumbnail","7":"category-lyon","8":"tag-actu","9":"tag-actualites","10":"tag-article","11":"tag-asvel","12":"tag-auvergne-rhone-alpes","13":"tag-breves","14":"tag-culture","15":"tag-depeches","16":"tag-economique","17":"tag-eu","18":"tag-europe","19":"tag-faits-divers","20":"tag-fr","21":"tag-france","22":"tag-info","23":"tag-informations","24":"tag-infos","25":"tag-lyon","26":"tag-lyonmag","27":"tag-news","28":"tag-ol","29":"tag-politique","30":"tag-republique-francaise","31":"tag-sociale","32":"tag-sport","33":"tag-transports"},"share_on_mastodon":{"url":"https:\/\/pubeurope.com\/@fr\/114802981953384686","error":""},"_links":{"self":[{"href":"https:\/\/www.europesays.com\/fr\/wp-json\/wp\/v2\/posts\/229119","targetHints":{"allow":["GET"]}}],"collection":[{"href":"https:\/\/www.europesays.com\/fr\/wp-json\/wp\/v2\/posts"}],"about":[{"href":"https:\/\/www.europesays.com\/fr\/wp-json\/wp\/v2\/types\/post"}],"author":[{"embeddable":true,"href":"https:\/\/www.europesays.com\/fr\/wp-json\/wp\/v2\/users\/2"}],"replies":[{"embeddable":true,"href":"https:\/\/www.europesays.com\/fr\/wp-json\/wp\/v2\/comments?post=229119"}],"version-history":[{"count":0,"href":"https:\/\/www.europesays.com\/fr\/wp-json\/wp\/v2\/posts\/229119\/revisions"}],"wp:featuredmedia":[{"embeddable":true,"href":"https:\/\/www.europesays.com\/fr\/wp-json\/wp\/v2\/media\/229120"}],"wp:attachment":[{"href":"https:\/\/www.europesays.com\/fr\/wp-json\/wp\/v2\/media?parent=229119"}],"wp:term":[{"taxonomy":"category","embeddable":true,"href":"https:\/\/www.europesays.com\/fr\/wp-json\/wp\/v2\/categories?post=229119"},{"taxonomy":"post_tag","embeddable":true,"href":"https:\/\/www.europesays.com\/fr\/wp-json\/wp\/v2\/tags?post=229119"}],"curies":[{"name":"wp","href":"https:\/\/api.w.org\/{rel}","templated":true}]}}