{"id":229126,"date":"2025-07-05T22:30:15","date_gmt":"2025-07-05T22:30:15","guid":{"rendered":"https:\/\/www.europesays.com\/fr\/229126\/"},"modified":"2025-07-05T22:30:15","modified_gmt":"2025-07-05T22:30:15","slug":"percuter-un-nageur-notre-hantise-a-tous-avec-la-baignade-dans-la-seine-un-stress-de-plus-pour-les-bateliers","status":"publish","type":"post","link":"https:\/\/www.europesays.com\/fr\/229126\/","title":{"rendered":"\u00ab\u00a0Percuter un nageur, notre hantise \u00e0 tous\u00a0\u00bb : avec la baignade dans la Seine, un stress de plus pour les bateliers"},"content":{"rendered":"<p class=\"paragraph text_align_left lp-f-body-02\">L\u2019horloge affiche 16h30, le Capitaine Fracasse est encore \u00e0 quai \u00e0 Boulogne-Billancourt (Hauts-de-Seine) mais il fourmille d\u00e9j\u00e0. Ce samedi soir, deux \u00ab tourn\u00e9es \u00bb, soit deux repas de 185 personnes, sont au programme.<\/p>\n<p class=\"paragraph text_align_left lp-f-body-02\">Outre le dressage des tables et le nettoyage, c\u2019est un d\u00e9part un peu plus stressant que d\u2019habitude qui occupe l\u2019esprit du capitaine. Pour la premi\u00e8re fois, le bateau long de 60 m et large de 9 m, doit passer <a href=\"https:\/\/www.leparisien.fr\/paris-75\/sites-horaires-temperature-de-leau-pollution-tout-ce-que-quil-faut-savoir-sur-la-baignade-dans-la-seine-a-paris-05-07-2025-3KHXMLLTIJH37O3RPQHCJLC3ZQ.php\" target=\"_self\" rel=\"nofollow noopener\">devant la zone de baignade de Grenelle<\/a> quelques minutes apr\u00e8s sa fermeture.<\/p>\n","protected":false},"excerpt":{"rendered":"L\u2019horloge affiche 16h30, le Capitaine Fracasse est encore \u00e0 quai \u00e0 Boulogne-Billancourt (Hauts-de-Seine) mais il fourmille d\u00e9j\u00e0. Ce&hellip;\n","protected":false},"author":2,"featured_media":229127,"comment_status":"","ping_status":"","sticky":false,"template":"","format":"standard","meta":{"footnotes":""},"categories":[1888],"tags":[1111,1928,11,1927,1777,674,1011,27,1944,12,1926,626,1925,25],"class_list":{"0":"post-229126","1":"post","2":"type-post","3":"status-publish","4":"format-standard","5":"has-post-thumbnail","7":"category-paris","8":"tag-actu","9":"tag-actu-paris","10":"tag-actualites","11":"tag-actualites-paris","12":"tag-eu","13":"tag-europe","14":"tag-fr","15":"tag-france","16":"tag-ma-ville","17":"tag-news","18":"tag-news-paris","19":"tag-paris","20":"tag-paris-news","21":"tag-republique-francaise"},"share_on_mastodon":{"url":"https:\/\/pubeurope.com\/@fr\/114802997684143201","error":""},"_links":{"self":[{"href":"https:\/\/www.europesays.com\/fr\/wp-json\/wp\/v2\/posts\/229126","targetHints":{"allow":["GET"]}}],"collection":[{"href":"https:\/\/www.europesays.com\/fr\/wp-json\/wp\/v2\/posts"}],"about":[{"href":"https:\/\/www.europesays.com\/fr\/wp-json\/wp\/v2\/types\/post"}],"author":[{"embeddable":true,"href":"https:\/\/www.europesays.com\/fr\/wp-json\/wp\/v2\/users\/2"}],"replies":[{"embeddable":true,"href":"https:\/\/www.europesays.com\/fr\/wp-json\/wp\/v2\/comments?post=229126"}],"version-history":[{"count":0,"href":"https:\/\/www.europesays.com\/fr\/wp-json\/wp\/v2\/posts\/229126\/revisions"}],"wp:featuredmedia":[{"embeddable":true,"href":"https:\/\/www.europesays.com\/fr\/wp-json\/wp\/v2\/media\/229127"}],"wp:attachment":[{"href":"https:\/\/www.europesays.com\/fr\/wp-json\/wp\/v2\/media?parent=229126"}],"wp:term":[{"taxonomy":"category","embeddable":true,"href":"https:\/\/www.europesays.com\/fr\/wp-json\/wp\/v2\/categories?post=229126"},{"taxonomy":"post_tag","embeddable":true,"href":"https:\/\/www.europesays.com\/fr\/wp-json\/wp\/v2\/tags?post=229126"}],"curies":[{"name":"wp","href":"https:\/\/api.w.org\/{rel}","templated":true}]}}