{"id":229128,"date":"2025-07-05T22:31:25","date_gmt":"2025-07-05T22:31:25","guid":{"rendered":"https:\/\/www.europesays.com\/fr\/229128\/"},"modified":"2025-07-05T22:31:25","modified_gmt":"2025-07-05T22:31:25","slug":"cest-presque-parfait-se-felicite-galthie-apres-le-premier-match-contre-les-all-blacks","status":"publish","type":"post","link":"https:\/\/www.europesays.com\/fr\/229128\/","title":{"rendered":"\u00abC\u2019est presque parfait\u00bb, se f\u00e9licite Galthi\u00e9 apr\u00e8s le premier match contre les All Blacks"},"content":{"rendered":"<p>Un valeureux XV de France a tenu t\u00eate \u00e0 la Nouvelle-Z\u00e9lande mais s\u2019est inclin\u00e9 31-27 samedi \u00e0 Dunedin lors du premier des trois matches de la tourn\u00e9e d\u2019\u00e9t\u00e9, loin de l\u2019humiliation promise.<\/p>\n<p class=\"fig-paragraph\"><a href=\"http:\/\/www.lefigaro.fr\/sports\/rugby\/xv-de-france\/all-blacks-france-ces-petits-bleus-ne-doutent-de-rien-20250704\" target=\"_blank\" data-fig-type=\"NewsFlash\" rel=\"noopener\" data-gtm-custom-categorie=\"navigation\" data-gtm-custom-action=\"crossclick\" data-gtm-custom-label=\"Contextuel\" data-gtm-event=\"customEventSPE\" data-fig-domain=\"LEFIGARO\">Largement remani\u00e9s<\/a>, sans la majorit\u00e9 de leurs joueurs dits \u00abpremium\u00bb, et avec cinq novices dans leur groupe, les Bleus sont tomb\u00e9s avec les honneurs contre la Nouvelle-Z\u00e9lande ce samedi \u00e0 Dunedin (<a href=\"https:\/\/www.lefigaro.fr\/sports\/rugby\/live\/test-match\/2025\/946100\/nouvelle-zelande-france\" target=\"_blank\" data-fig-type=\"Live\" rel=\"noopener\" data-gtm-custom-categorie=\"navigation\" data-gtm-custom-action=\"crossclick\" data-gtm-custom-label=\"Contextuel\" data-gtm-event=\"customEventSPE\" data-fig-domain=\"LEFIGARO\">31-27<\/a>), pour le premier match de cette tourn\u00e9e d\u2019\u00e9t\u00e9 face aux\u00a0<a href=\"http:\/\/www.lefigaro.fr\/sports\/rugby\/rugby-ou-en-sont-les-all-blacks-avant-d-affronter-le-xv-de-france-20250703\" target=\"_blank\" data-fig-type=\"NewsFlash\" rel=\"noopener\" data-gtm-custom-categorie=\"navigation\" data-gtm-custom-action=\"crossclick\" data-gtm-custom-label=\"Contextuel\" data-gtm-event=\"customEventSPE\" data-fig-domain=\"LEFIGARO\">All Blacks<\/a>. \u00c0 l\u2019issue de la rencontre, le s\u00e9lectionneur fran\u00e7ais\u00a0<a href=\"http:\/\/www.lefigaro.fr\/sports\/rugby\/6-nations\/gagner-le-tournoi-est-un-grand-bonheur-et-un-soulagement-fabien-galthie-fixe-le-cap-pour-la-coupe-du-monde-en-australie-20250318\" data-fig-type=\"Article\" data-gtm-custom-categorie=\"navigation\" data-gtm-custom-action=\"crossclick\" data-gtm-custom-label=\"Contextuel\" data-gtm-event=\"customEventSPE\" data-fig-domain=\"LEFIGARO\" target=\"_blank\" rel=\"noopener\">Fabien Galthi\u00e9<\/a>\u00a0a d\u00e9clar\u00e9 au micro de Canal +\u00a0: \u00abJe n\u2019ai pas encore parl\u00e9 aux joueurs, ils sont en train de r\u00e9cup\u00e9rer dans le vestiaire. On aura le temps d\u2019analyser le match et se pr\u00e9parer pour le second test-match. Marc Li\u00e8vremont commentait le match et je le salue car le dernier \u00e0 avoir gagn\u00e9 ici, c\u2019est lui. Ils nous ont beaucoup inspir\u00e9s. On a essay\u00e9 de se pr\u00e9parer comme ils avaient su le faire en 2009. Les joueurs y croient, ils croient en leurs chances, ils croient en eux. Il faut tirer un coup de chapeau aux joueurs et au staff qui a pr\u00e9par\u00e9 ce match. On n\u2019a pas termin\u00e9. Il nous reste deux matches \u00e0 jouer et on va se pr\u00e9parer vers ce second rendez-vous.\u00bb<\/p>\n<p class=\"fig-paragraph\">Le technicien ajoute que \u00abquand on joue les All Blacks, on joue toujours avec de l\u2019humilit\u00e9 et du respect. Mais \u00e7a nous oblige \u00e0 sortir le meilleur de nous-m\u00eame. On n\u2019\u00e9tait pas loin de toucher le meilleur de nous-m\u00eame. On a une balle de match au bon moment. J\u2019esp\u00e8re que \u00e7a va inspirer le groupe pour la suite. On va se battre pour bien pr\u00e9parer le prochain match. (&#8230;) Il y a eu beaucoup de tournants dans ce match, positifs et n\u00e9gatifs. Ils ont trois essais refus\u00e9s sur arbitrage vid\u00e9o. On a \u00e9t\u00e9 efficace sur nos possessions. On a \u00e9t\u00e9 coh\u00e9rent par rapport \u00e0 notre strat\u00e9gie. Les joueurs ont cru en eux. Il faut qu\u2019ils continuent de croire en eux. Ces deux semaines\u2026 On est rentr\u00e9 dans un tunnel assez particulier et il faut prendre le maximum d\u2019opportunit\u00e9, de plaisir et de bonheur d\u2019\u00eatre l\u00e0 maintenant, de vivre ces trois matches et apr\u00e8s on verra. Mais on va se battre\u00a0!\u00bb\u00a0<\/p>\n<blockquote class=\"fig-quote&#10;    \">\n<p class=\"fig-quote__text\">Les novices, on ne les a pas jet\u00e9s dans le grand bain, on les a bien pr\u00e9par\u00e9s<\/p>\n<p>            Fabien Galthi\u00e9\n    <\/p><\/blockquote>\n<p>                                    <a class=\"fig-a11y-skip a11y-hidden\" href=\"#fig-a11y-skip-main-inarticle\"><br \/>\n        Passer la publicit\u00e9<br \/>\n    <\/a><\/p>\n<p class=\"fig-paragraph\">Fabien Galthi\u00e9 est \u00e9galement revenu sur la belle performance de son groupe fortement remani\u00e9 et rajeuni. \u00abLes novices, on ne les a pas jet\u00e9s dans le grand bain, on les a bien pr\u00e9par\u00e9s. Depuis la fin du barrage, on a r\u00e9cup\u00e9r\u00e9 des joueurs \u00e9limin\u00e9s des barrages, on est all\u00e9 se pr\u00e9parer en Angleterre, on a gagn\u00e9 sur la derni\u00e8re action. On s\u2019est pr\u00e9par\u00e9 de mani\u00e8re coh\u00e9rente. Pour les nouveaux, c\u2019\u00e9tait un saut dans l\u2019inconnu et j\u2019esp\u00e8re qu\u2019ils vont capitaliser et qu\u2019ils ont envie de progresser et de porter encore le maillot du XV de France.\u00bb<\/p>\n<p class=\"fig-paragraph\">En conf\u00e9rence de presse, le s\u00e9lectionneur tricolore a ensuite ajout\u00e9\u00a0: \u00abOn a une balle de match \u00e0 trois minutes de la fin, c\u2019est ce qu\u2019on voulait. Mais pour arriver \u00e0 avoir une balle de match \u00e0 la toute fin, il faut tenir 77 minutes face \u00e0 eux. C\u2019est ce qu\u2019on a r\u00e9ussi \u00e0 faire, avec des temps faibles, des moments difficiles, des moments o\u00f9 on pliait, parfois on rompait. Mais on est rest\u00e9 jusqu\u2019\u00e0 la fin du match \u00e0 port\u00e9e de la victoire. C\u2019est presque parfait.\u00bb<\/p>\n<p class=\"fig-body-link\">\n            \u00c0 lire aussi<br \/>\n        <a class=\"fig-body-link__link fig-premium-mark\" href=\"http:\/\/www.lefigaro.fr\/sports\/rugby\/xv-de-france\/xv-de-france-le-bulldozer-guillard-les-eclairs-d-attissogbe-les-notes-des-bleus-apres-la-courte-defaite-face-aux-all-blacks-20250705\" data-fig-type=\"NewsFlash\" data-gtm-custom-categorie=\"navigation\" data-gtm-custom-action=\"crossclick\" data-gtm-custom-label=\"Contextuel\" data-gtm-event=\"customEventSPE\" data-fig-domain=\"LEFIGARO\" target=\"_blank\" rel=\"noopener\">XV de France\u00a0: le bulldozer Guillard, les \u00e9clairs d\u2019Attissogbe&#8230; Les notes des Bleus apr\u00e8s la courte d\u00e9faite face aux All Blacks<br \/>\n    <\/a>\n<\/p>\n<p class=\"fig-paragraph\">Et de se projeter\u00a0: \u00abIl nous reste encore deux semaines \u00e0 vivre et deux test-matches \u00e0 jouer (&#8230;) On va se pr\u00e9parer \u00e0 ce deuxi\u00e8me test-match avec la m\u00eame intensit\u00e9. \u00c0 la fois psychologique, rugbystique, physique et collective.\u00bb Il a identifi\u00e9 comme axe d\u2019am\u00e9lioration \u00ables seconds ballons\u00bb apr\u00e8s les chandelles ou les renvois, o\u00f9 les Bleus n\u2019ont pas assez r\u00e9ussi \u00e0 prendre l\u2019ascendant en seconde p\u00e9riode.<\/p>\n","protected":false},"excerpt":{"rendered":"Un valeureux XV de France a tenu t\u00eate \u00e0 la Nouvelle-Z\u00e9lande mais s\u2019est inclin\u00e9 31-27 samedi \u00e0 Dunedin&hellip;\n","protected":false},"author":2,"featured_media":229129,"comment_status":"","ping_status":"","sticky":false,"template":"","format":"standard","meta":{"footnotes":""},"categories":[1888],"tags":[1111,1928,11,1927,2305,1777,674,515,1011,27,12,1926,626,1925,25],"class_list":{"0":"post-229128","1":"post","2":"type-post","3":"status-publish","4":"format-standard","5":"has-post-thumbnail","7":"category-paris","8":"tag-actu","9":"tag-actu-paris","10":"tag-actualites","11":"tag-actualites-paris","12":"tag-all-blacks","13":"tag-eu","14":"tag-europe","15":"tag-fabien-galthie","16":"tag-fr","17":"tag-france","18":"tag-news","19":"tag-news-paris","20":"tag-paris","21":"tag-paris-news","22":"tag-republique-francaise"},"share_on_mastodon":{"url":"https:\/\/pubeurope.com\/@fr\/114803001631151534","error":""},"_links":{"self":[{"href":"https:\/\/www.europesays.com\/fr\/wp-json\/wp\/v2\/posts\/229128","targetHints":{"allow":["GET"]}}],"collection":[{"href":"https:\/\/www.europesays.com\/fr\/wp-json\/wp\/v2\/posts"}],"about":[{"href":"https:\/\/www.europesays.com\/fr\/wp-json\/wp\/v2\/types\/post"}],"author":[{"embeddable":true,"href":"https:\/\/www.europesays.com\/fr\/wp-json\/wp\/v2\/users\/2"}],"replies":[{"embeddable":true,"href":"https:\/\/www.europesays.com\/fr\/wp-json\/wp\/v2\/comments?post=229128"}],"version-history":[{"count":0,"href":"https:\/\/www.europesays.com\/fr\/wp-json\/wp\/v2\/posts\/229128\/revisions"}],"wp:featuredmedia":[{"embeddable":true,"href":"https:\/\/www.europesays.com\/fr\/wp-json\/wp\/v2\/media\/229129"}],"wp:attachment":[{"href":"https:\/\/www.europesays.com\/fr\/wp-json\/wp\/v2\/media?parent=229128"}],"wp:term":[{"taxonomy":"category","embeddable":true,"href":"https:\/\/www.europesays.com\/fr\/wp-json\/wp\/v2\/categories?post=229128"},{"taxonomy":"post_tag","embeddable":true,"href":"https:\/\/www.europesays.com\/fr\/wp-json\/wp\/v2\/tags?post=229128"}],"curies":[{"name":"wp","href":"https:\/\/api.w.org\/{rel}","templated":true}]}}