{"id":229132,"date":"2025-07-05T22:33:10","date_gmt":"2025-07-05T22:33:10","guid":{"rendered":"https:\/\/www.europesays.com\/fr\/229132\/"},"modified":"2025-07-05T22:33:10","modified_gmt":"2025-07-05T22:33:10","slug":"a-notre-dame-de-paris-les-visites-montent-en-fleche","status":"publish","type":"post","link":"https:\/\/www.europesays.com\/fr\/229132\/","title":{"rendered":"\u00c0 Notre-Dame de Paris, les visites montent en fl\u00e8che"},"content":{"rendered":"<p>Silencieuse ces derni\u00e8res ann\u00e9es, <a href=\"https:\/\/www.latribune.fr\/la-tribune-dimanche\/societe\/le-rendez-vous-de-notre-dame-1013387.html\" rel=\"nofollow noopener\" target=\"_blank\">Notre-Dame<\/a>\u00a0bruisse de nouveau, et depuis six mois, de toutes les langues du monde, une vraie tour de Babel\u2009! \u00ab\u202fEs la catedral m\u00e1s bonita del mundo\u2009!\u202f\u00bb s&rsquo;exclame un p\u00e8re de famille espagnol. \u00ab\u202fWonderful\u2009!\u202f\u00bb s&rsquo;\u00e9crie ce couple d&rsquo;Am\u00e9ricains. Qu&rsquo;ils allument un cierge ou fassent des selfies, qu&rsquo;ils croient au ciel ou qu&rsquo;ils n&rsquo;y croient pas, tous disent leur admiration devant tant de beaut\u00e9.<\/p>\n<p><a href=\"https:\/\/www.latribune.fr\/la-tribune-dimanche\/societe\/les-francais-sont-ils-jo-stalgiques-1027373.html\" rel=\"nofollow noopener\" target=\"_blank\">Les Fran\u00e7ais<\/a> ne sont pas en reste, comme Justine et Lucas, 28\u202fans, qui -\u202ftout en pr\u00e9cisant \u00ab\u202fon n&rsquo;est pas cathos\u202f\u00bb\u202f- s&rsquo;\u00e9merveillent devant la blancheur retrouv\u00e9e de la pierre\u2009: \u00ab\u202fC&rsquo;est comme si la cath\u00e9drale naissait une seconde fois.\u202f\u00bb\u00a0Depuis sa r\u00e9ouverture au public le 16\u202fd\u00e9cembre 2024, Notre-Dame\u20091 a accueilli 6.\u2009015\u2009.000\u202fpersonnes (au 30\u202fjuin 2025, et selon les chiffres in\u00e9dits obtenus par La \u00adTribune Dimanche), soit une moyenne actuelle de 35.000\u202fvisiteurs par jour.<\/p>\n","protected":false},"excerpt":{"rendered":"Silencieuse ces derni\u00e8res ann\u00e9es, Notre-Dame\u00a0bruisse de nouveau, et depuis six mois, de toutes les langues du monde, une&hellip;\n","protected":false},"author":2,"featured_media":229133,"comment_status":"","ping_status":"","sticky":false,"template":"","format":"standard","meta":{"footnotes":""},"categories":[1888],"tags":[17,11,1777,674,20601,1011,27,3102,151,9370,12,1049,626,25,20899],"class_list":{"0":"post-229132","1":"post","2":"type-post","3":"status-publish","4":"format-standard","5":"has-post-thumbnail","7":"category-paris","8":"tag-17","9":"tag-actualites","10":"tag-eu","11":"tag-europe","12":"tag-fleche","13":"tag-fr","14":"tag-france","15":"tag-la-tribune-dimanche","16":"tag-les","17":"tag-montent","18":"tag-news","19":"tag-notre-dame","20":"tag-paris","21":"tag-republique-francaise","22":"tag-visites"},"share_on_mastodon":{"url":"https:\/\/pubeurope.com\/@fr\/114803009492079568","error":""},"_links":{"self":[{"href":"https:\/\/www.europesays.com\/fr\/wp-json\/wp\/v2\/posts\/229132","targetHints":{"allow":["GET"]}}],"collection":[{"href":"https:\/\/www.europesays.com\/fr\/wp-json\/wp\/v2\/posts"}],"about":[{"href":"https:\/\/www.europesays.com\/fr\/wp-json\/wp\/v2\/types\/post"}],"author":[{"embeddable":true,"href":"https:\/\/www.europesays.com\/fr\/wp-json\/wp\/v2\/users\/2"}],"replies":[{"embeddable":true,"href":"https:\/\/www.europesays.com\/fr\/wp-json\/wp\/v2\/comments?post=229132"}],"version-history":[{"count":0,"href":"https:\/\/www.europesays.com\/fr\/wp-json\/wp\/v2\/posts\/229132\/revisions"}],"wp:featuredmedia":[{"embeddable":true,"href":"https:\/\/www.europesays.com\/fr\/wp-json\/wp\/v2\/media\/229133"}],"wp:attachment":[{"href":"https:\/\/www.europesays.com\/fr\/wp-json\/wp\/v2\/media?parent=229132"}],"wp:term":[{"taxonomy":"category","embeddable":true,"href":"https:\/\/www.europesays.com\/fr\/wp-json\/wp\/v2\/categories?post=229132"},{"taxonomy":"post_tag","embeddable":true,"href":"https:\/\/www.europesays.com\/fr\/wp-json\/wp\/v2\/tags?post=229132"}],"curies":[{"name":"wp","href":"https:\/\/api.w.org\/{rel}","templated":true}]}}