{"id":229134,"date":"2025-07-05T22:34:11","date_gmt":"2025-07-05T22:34:11","guid":{"rendered":"https:\/\/www.europesays.com\/fr\/229134\/"},"modified":"2025-07-05T22:34:11","modified_gmt":"2025-07-05T22:34:11","slug":"lopep-augmentera-sa-production-de-petrole-de-548-000-barils-par-jour-en-aout","status":"publish","type":"post","link":"https:\/\/www.europesays.com\/fr\/229134\/","title":{"rendered":"L&rsquo;OPEP+ augmentera sa production de p\u00e9trole de 548 000 barils par jour en ao\u00fbt"},"content":{"rendered":"<p>Huit membres de l&rsquo;alliance OPEP+, qui regroupe les pays exportateurs de p\u00e9trole, ont annonc\u00e9 une augmentation de leur production de 548 000 barils par jour en ao\u00fbt, une d\u00e9cision susceptible de r\u00e9duire encore les prix du gaz cette ann\u00e9e.<\/p>\n<p>Le groupe, qui comprend l&rsquo;Arabie saoudite et la Russie, a pris cette d\u00e9cision lors d&rsquo;une r\u00e9union virtuelle samedi. Ils ont \u00e9voqu\u00e9 des \u00abperspectives \u00e9conomiques mondiales stables\u00bb et de faibles stocks de p\u00e9trole.<\/p>\n<p>Les prix du p\u00e9trole ont fortement grimp\u00e9 le mois dernier lors du conflit sanglant de 12 jours entre Isra\u00ebl et l&rsquo;Iran, avant de retomber lorsque les \u00c9tats-Unis ont contribu\u00e9 \u00e0 la n\u00e9gociation d&rsquo;un accord de paix apr\u00e8s le bombardement de trois sites nucl\u00e9aires iraniens cl\u00e9s.<\/p>\n<p>L&rsquo;Arabie saoudite exerce une influence significative au sein de l&rsquo;OPEP+ en tant que membre dominant du cartel des producteurs de l&rsquo;Organisation des pays exportateurs de p\u00e9trole (OPEP). La Russie est le leader non membre de l&rsquo;OPEP parmi les 22 pays de l&rsquo;alliance.<\/p>\n<p>Outre l&rsquo;Arabie saoudite et la Russie, le groupe qui s&rsquo;est r\u00e9uni samedi est compos\u00e9 de l&rsquo;Irak, des \u00c9mirats arabes unis, du Kowe\u00eft, du Kazakhstan, de l&rsquo;Alg\u00e9rie et d&rsquo;Oman.<\/p>\n<p>Les nouvelles mesures sont conformes \u00e0 la d\u00e9cision prise en d\u00e9cembre de reporter la hausse de la production, mais de l&rsquo;augmenter progressivement de 2,2 millions de barils par jour sur une p\u00e9riode de 18 mois commen\u00e7ant en avril et se terminant \u00e0 l&rsquo;automne 2026, selon un communiqu\u00e9.<\/p>\n<p>Ce retard refl\u00e8te une demande plus faible que pr\u00e9vu et une production concurrente des pays non alli\u00e9s.<\/p>\n<p>The Associated Press<\/p>\n","protected":false},"excerpt":{"rendered":"Huit membres de l&rsquo;alliance OPEP+, qui regroupe les pays exportateurs de p\u00e9trole, ont annonc\u00e9 une augmentation de leur&hellip;\n","protected":false},"author":2,"featured_media":229135,"comment_status":"","ping_status":"","sticky":false,"template":"","format":"standard","meta":{"footnotes":""},"categories":[1591],"tags":[15533,11,36768,1887,2489,12,2485,8131,1885,1886,132],"class_list":{"0":"post-229134","1":"post","2":"type-post","3":"status-publish","4":"format-standard","5":"has-post-thumbnail","7":"category-russie","8":"tag-accord-de-paix","9":"tag-actualites","10":"tag-barils","11":"tag-federation-de-russie","12":"tag-la-russie","13":"tag-news","14":"tag-opep","15":"tag-production","16":"tag-russia","17":"tag-russian-federation","18":"tag-russie"},"share_on_mastodon":{"url":"https:\/\/pubeurope.com\/@fr\/114803013576518617","error":""},"_links":{"self":[{"href":"https:\/\/www.europesays.com\/fr\/wp-json\/wp\/v2\/posts\/229134","targetHints":{"allow":["GET"]}}],"collection":[{"href":"https:\/\/www.europesays.com\/fr\/wp-json\/wp\/v2\/posts"}],"about":[{"href":"https:\/\/www.europesays.com\/fr\/wp-json\/wp\/v2\/types\/post"}],"author":[{"embeddable":true,"href":"https:\/\/www.europesays.com\/fr\/wp-json\/wp\/v2\/users\/2"}],"replies":[{"embeddable":true,"href":"https:\/\/www.europesays.com\/fr\/wp-json\/wp\/v2\/comments?post=229134"}],"version-history":[{"count":0,"href":"https:\/\/www.europesays.com\/fr\/wp-json\/wp\/v2\/posts\/229134\/revisions"}],"wp:featuredmedia":[{"embeddable":true,"href":"https:\/\/www.europesays.com\/fr\/wp-json\/wp\/v2\/media\/229135"}],"wp:attachment":[{"href":"https:\/\/www.europesays.com\/fr\/wp-json\/wp\/v2\/media?parent=229134"}],"wp:term":[{"taxonomy":"category","embeddable":true,"href":"https:\/\/www.europesays.com\/fr\/wp-json\/wp\/v2\/categories?post=229134"},{"taxonomy":"post_tag","embeddable":true,"href":"https:\/\/www.europesays.com\/fr\/wp-json\/wp\/v2\/tags?post=229134"}],"curies":[{"name":"wp","href":"https:\/\/api.w.org\/{rel}","templated":true}]}}