{"id":229158,"date":"2025-07-05T22:50:23","date_gmt":"2025-07-05T22:50:23","guid":{"rendered":"https:\/\/www.europesays.com\/fr\/229158\/"},"modified":"2025-07-05T22:50:23","modified_gmt":"2025-07-05T22:50:23","slug":"je-ne-fais-pas-le-boulot","status":"publish","type":"post","link":"https:\/\/www.europesays.com\/fr\/229158\/","title":{"rendered":"Je ne fais pas le boulot"},"content":{"rendered":"<p>Leader en EL3, sixi\u00e8me sur la grille de d\u00e9part. Ce n&rsquo;est naturellement pas la journ\u00e9e que <a href=\"https:\/\/fr.motorsport.com\/driver\/charles-leclerc\/109632\/\" target=\"_blank\" rel=\"noopener nofollow\">Charles Leclerc<\/a> esp\u00e9rait apr\u00e8s un d\u00e9but de week-end encourageant pour <a href=\"https:\/\/fr.motorsport.com\/team\/ferrari\/615\/\" target=\"_blank\" rel=\"noopener nofollow\">Ferrari<\/a>, mais qui verra finalement le duo de la Scuderia r\u00e9uni en premi\u00e8re ligne.<\/p>\n<p>\u00c0 l&rsquo;issue de la Q3, la frustration du Mon\u00e9gasque \u00e9tait \u00e9vidente. \u00ab\u00a0Putain, putain, putain, putain, putain\u00a0\u00bb, a l\u00e2ch\u00e9 Leclerc par radio. \u00ab\u00a0Je suis une putain de merde, une putain de merde, c&rsquo;est ce que je suis.\u00a0\u00bb<\/p>\n<p>Une fois devant la presse, Leclerc a expliqu\u00e9 avec un langage plus soutenu pourquoi il s&rsquo;en voulait autant. \u00ab\u00a0Plus que m&rsquo;en vouloir, je ne fais pas le boulot\u00a0\u00bb, a -t-il reconnu. \u00ab\u00a0Depuis le d\u00e9but de la saison, je suis tr\u00e8s performant en course. Si on regarde les courses, il n&rsquo;y en a pas tant o\u00f9 je changerais quelque chose \u00e0 ce que j&rsquo;ai fait dans la voiture. Malheureusement, quand je regarde les qualifications, ce qui \u00e9tait ma force, il y a beaucoup de s\u00e9ances o\u00f9 je reviendrais en arri\u00e8re et o\u00f9 je changerais quelque chose.\u00a0\u00bb<\/p>\n<p>\u00ab\u00a0Parce que souvent, en Q3, il n&rsquo;y a pas de d\u00e9clic en ce moment. Nous avons eu de bonnes qualifications, mais pas d&rsquo;excellentes qualifications. Encore une fois, c&rsquo;\u00e9tait ma force, donc je ne suis pas content du niveau que je montre. En qualifications, on a eu des soucis, c&rsquo;est certain, surtout aujourd&rsquo;hui. \u00c0 partir de la Q2, on se battait avec quelque chose dans la voiture, mais ce n&rsquo;est pas une excuse, je dois faire mieux.\u00a0\u00bb<\/p>\n<p>   <img decoding=\"async\" draggable=\"false\" src=\"https:\/\/www.europesays.com\/fr\/wp-content\/uploads\/2025\/07\/1751755823_793_charles-leclerc-ferrari.jpg\" alt=\"Charles Leclerc, Ferrari\" width=\"1200\" height=\"800\" loading=\"lazy\"\/> <\/p>\n<p class=\"title\">Charles Leclerc, Ferrari<\/p>\n<p class=\"photographer\">Photo de: Glenn Dunbar \/ LAT Images via Getty Images<\/p>\n<p>Invit\u00e9 \u00e0 expliquer ses probl\u00e8mes dans la Ferrari, Leclerc est rest\u00e9 assez myst\u00e9rieux mais a r\u00e9v\u00e9l\u00e9 qu&rsquo;ils ne concernent que l&rsquo;exercice des qualifications\u00a0: \u00ab\u00a0Les soucis que nous avons sont tr\u00e8s particuliers. Ce n&rsquo;est pas un souci d&rsquo;\u00e9quilibre, ce n&rsquo;est pas un souci d&rsquo;adh\u00e9rence.\u00a0\u00bb<\/p>\n<p>\u00ab\u00a0Je ne veux pas entrer dans le d\u00e9tail, mais c&rsquo;est tr\u00e8s bizarre de devoir se battre dans la voiture, surtout \u00e0 haute vitesse, c&rsquo;est encore plus difficile. J&rsquo;esp\u00e8re que nous pourrons y rem\u00e9dier. Ce qui est bien, si on peut dire que c&rsquo;est bien, c&rsquo;est que demain nous n&rsquo;aurons pas \u00e7a. C&rsquo;est certain que nous n&rsquo;aurons aucun probl\u00e8me de la sorte.\u00a0\u00bb<\/p>\n<p>\u00ab\u00a0C&rsquo;est une chose dont nous n&rsquo;avons pas trop parl\u00e9\u00a0\u00bb, a ajout\u00e9 Leclerc, face aux multiples questions sur ces \u00e9nigmatiques probl\u00e8mes. \u00ab\u00a0Dans certaines s\u00e9ances de qualifications nous avons le probl\u00e8me, dans d&rsquo;autres nous n&rsquo;avons absolument aucun probl\u00e8me. Aujourd&rsquo;hui c&rsquo;\u00e9tait un peu un probl\u00e8me.\u00a0\u00bb<\/p>\n<p>Et apr\u00e8s ces qualifications frustrantes, Leclerc peine \u00e0 se dire qu&rsquo;il pourra compter sur le bon rythme de course entrevu vendredi\u00a0: \u00ab\u00a0Je l&rsquo;esp\u00e8re, mais en partant sixi\u00e8me, \u00e7a rend les choses tr\u00e8s compliqu\u00e9es. \u00c0 chaque fois, on d\u00e9bute la course en devant remont\u00e9e et une fois devant, ceux qui ont eu une course propre sont juste un avantage sur nous. Nous devons faire mieux en qualifications.\u00a0\u00bb<\/p>\n<p style=\"text-align: right;\">Avec Jake Boxall-Legge et Oleg Karpov<\/p>\n<p>Lire aussi :<\/p>\n<p>Dans cet article<\/p>\n<p>    Vincent Lalanne-Sicaud\n<\/p>\n<p>    Formule 1\n<\/p>\n<p>    Charles Leclerc\n<\/p>\n<p>    Ferrari\n<\/p>\n<p>Soyez le premier inform\u00e9 et souscrivez aux alertes mails pour recevoir les infos en temps r\u00e9el<\/p>\n<p>    S&rsquo;abonner aux alertes de news<\/p>\n","protected":false},"excerpt":{"rendered":"Leader en EL3, sixi\u00e8me sur la grille de d\u00e9part. Ce n&rsquo;est naturellement pas la journ\u00e9e que Charles Leclerc&hellip;\n","protected":false},"author":2,"featured_media":229159,"comment_status":"","ping_status":"","sticky":false,"template":"","format":"standard","meta":{"footnotes":""},"categories":[1412],"tags":[2240,1451,2251,1452,1453,1454,1455,1011,27,23124,23125,60],"class_list":{"0":"post-229158","1":"post","2":"type-post","3":"status-publish","4":"format-standard","5":"has-post-thumbnail","7":"category-f1","8":"tag-charles-leclerc","9":"tag-f1","10":"tag-ferrari","11":"tag-formula-1","12":"tag-formula1","13":"tag-formule-1","14":"tag-formule1","15":"tag-fr","16":"tag-france","17":"tag-gp-de-grande-bretagne","18":"tag-silverstone","19":"tag-sports"},"share_on_mastodon":{"url":"https:\/\/pubeurope.com\/@fr\/114803076193112289","error":""},"_links":{"self":[{"href":"https:\/\/www.europesays.com\/fr\/wp-json\/wp\/v2\/posts\/229158","targetHints":{"allow":["GET"]}}],"collection":[{"href":"https:\/\/www.europesays.com\/fr\/wp-json\/wp\/v2\/posts"}],"about":[{"href":"https:\/\/www.europesays.com\/fr\/wp-json\/wp\/v2\/types\/post"}],"author":[{"embeddable":true,"href":"https:\/\/www.europesays.com\/fr\/wp-json\/wp\/v2\/users\/2"}],"replies":[{"embeddable":true,"href":"https:\/\/www.europesays.com\/fr\/wp-json\/wp\/v2\/comments?post=229158"}],"version-history":[{"count":0,"href":"https:\/\/www.europesays.com\/fr\/wp-json\/wp\/v2\/posts\/229158\/revisions"}],"wp:featuredmedia":[{"embeddable":true,"href":"https:\/\/www.europesays.com\/fr\/wp-json\/wp\/v2\/media\/229159"}],"wp:attachment":[{"href":"https:\/\/www.europesays.com\/fr\/wp-json\/wp\/v2\/media?parent=229158"}],"wp:term":[{"taxonomy":"category","embeddable":true,"href":"https:\/\/www.europesays.com\/fr\/wp-json\/wp\/v2\/categories?post=229158"},{"taxonomy":"post_tag","embeddable":true,"href":"https:\/\/www.europesays.com\/fr\/wp-json\/wp\/v2\/tags?post=229158"}],"curies":[{"name":"wp","href":"https:\/\/api.w.org\/{rel}","templated":true}]}}