{"id":229164,"date":"2025-07-05T22:53:10","date_gmt":"2025-07-05T22:53:10","guid":{"rendered":"https:\/\/www.europesays.com\/fr\/229164\/"},"modified":"2025-07-05T22:53:10","modified_gmt":"2025-07-05T22:53:10","slug":"les-premiers-mots-dadieu-dolivier-minne-a-fort-boyard","status":"publish","type":"post","link":"https:\/\/www.europesays.com\/fr\/229164\/","title":{"rendered":"les premiers mots d\u2019adieu d\u2019Olivier Minne \u00e0 \u00abFort Boyard\u00bb"},"content":{"rendered":"<p>    Olivier Minne dans \u00abFort Boyard\u00bb sur France 2.<br \/>\n                Capture d&rsquo;\u00e9cran.<\/p>\n<p>Ce samedi soir, d\u00e8s les premi\u00e8res minutes de la saison 36 du jeu de France 2, l\u2019animateur s\u2019est adress\u00e9 aux t\u00e9l\u00e9spectateurs \u00e0 qui il a voulu montrer sa gratitude pour leur fid\u00e9lit\u00e9 depuis 22 ans.<\/p>\n<p class=\"fig-paragraph\">D\u00e9but mai, l\u2019annonce a pris tout le monde de court. Apr\u00e8s 35 ans,\u00a0<a href=\"https:\/\/www.lefigaro.fr\/tag\/olivier-minne\" target=\"_blank\" rel=\"noopener nofollow\" data-gtm-custom-categorie=\"navigation\" data-gtm-custom-action=\"crossclick\" data-gtm-custom-label=\"Contextuel\" data-gtm-event=\"customEventSPE\"><strong>OIivier Minne<\/strong><\/a> \u00a0a choisi de quitter France T\u00e9l\u00e9visions pour rejoindre M6. Pour son arriv\u00e9e, la cha\u00eene a d\u00e9cid\u00e9 de lui confier pas moins de trois programmes dont deux nouveaux\u00a0: \u00abLe Maillon faible\u00bb, \u00abPandore\u00bb et \u00abQuel est l\u2019\u00e2ge de votre cerveau\u00a0?\u00bb. Mais avant de faire sa rentr\u00e9e sur la Six, le pr\u00e9sentateur est toujours pr\u00e9sent sur France 2. Tout l\u2019\u00e9t\u00e9 il sera \u00e0 l\u2019antenne chaque samedi de\u00a0<a href=\"https:\/\/www.lefigaro.fr\/tag\/fort-boyard\" target=\"_blank\" rel=\"noopener nofollow\" data-gtm-custom-categorie=\"navigation\" data-gtm-custom-action=\"crossclick\" data-gtm-custom-label=\"Contextuel\" data-gtm-event=\"customEventSPE\"><strong>\u00abFort Boyard\u00bb<\/strong><\/a> \u00a0et du lundi au vendredi de\u00a0<a href=\"https:\/\/tvmag.lefigaro.fr\/programme-tv\/programme\/tout-le-monde-a-son-mot-a-dire-d158214029\" target=\"_blank\" rel=\"noopener nofollow\" data-gtm-custom-categorie=\"navigation\" data-gtm-custom-action=\"crossclick\" data-gtm-custom-label=\"Contextuel\" data-gtm-event=\"customEventSPE\">\u00abTout le monde a son mot \u00e0 dire\u00bb<\/a>.<\/p>\n<p class=\"fig-paragraph\"><a href=\"http:\/\/tvmag.lefigaro.fr\/programme-tv\/actu-tele\/je-n-ai-pas-dit-mon-dernier-mot-sur-le-service-public-sur-le-tournage-de-la-derniere-d-olivier-minne-dans-tout-le-monde-a-son-mot-a-dire-20250606\" target=\"_blank\" data-fig-type=\"Article\" rel=\"noopener nofollow\" data-gtm-custom-categorie=\"navigation\" data-gtm-custom-action=\"crossclick\" data-gtm-custom-label=\"Contextuel\" data-gtm-event=\"customEventSPE\" data-fig-domain=\"TVMAG\">Ses adieux au jeu quotidien<\/a>\u00a0remontent \u00e0 d\u00e9but juin mais ceux \u00e0 l\u2019embl\u00e9matique \u00e9mission dont il a assur\u00e9 l\u2019animation depuis 2003 ont eu lieu en mai. Et \u00e9tonnamment, alors que beaucoup se demandent s\u2019il va avoir droit \u00e0 une \u00e9mission sp\u00e9ciale, Olivier Minne a tenu \u00e0 avoir quelques mots pour les t\u00e9l\u00e9spectateurs d\u00e8s le lancement de la saison 36.<\/p>\n<p class=\"fig-body-link\">\n            \u00c0 lire aussi<br \/>\n        <a class=\"fig-body-link__link\" href=\"http:\/\/tvmag.lefigaro.fr\/programme-tv\/actu-tele\/olivier-minne-je-suis-tres-joyeux-de-partir-vers-de-nouvelles-aventures-20250606\" target=\"_blank\" data-fig-type=\"Article\" rel=\"noopener nofollow\" data-gtm-custom-categorie=\"navigation\" data-gtm-custom-action=\"crossclick\" data-gtm-custom-label=\"Contextuel\" data-gtm-event=\"customEventSPE\" data-fig-domain=\"TVMAG\">Olivier Minne se confie sur son d\u00e9part de France 2\u00a0: \u00abJe suis tr\u00e8s joyeux de partir vers de nouvelles aventures\u00bb<br \/>\n    <\/a>\n<\/p>\n<p>                                    <a class=\"fig-a11y-skip a11y-hidden\" href=\"#fig-a11y-skip-main-inarticle\"><br \/>\n        Passer la publicit\u00e9<br \/>\n    <\/a><\/p>\n<p class=\"fig-paragraph\">Ce samedi soir, au tout d\u00e9but du premier \u00e9pisode, juste apr\u00e8s l\u2019hommage \u00e0\u00a0<a href=\"http:\/\/tvmag.lefigaro.fr\/programme-tv\/actu-tele\/fort-boyard-mort-de-jean-pierre-mitrecey-cocreateur-du-jeu-de-france-2-20250622\" target=\"_blank\" data-fig-type=\"Article\" rel=\"noopener nofollow\" data-gtm-custom-categorie=\"navigation\" data-gtm-custom-action=\"crossclick\" data-gtm-custom-label=\"Contextuel\" data-gtm-event=\"customEventSPE\" data-fig-domain=\"TVMAG\">Jean-Pierre Mitrecey<\/a>, cocr\u00e9ateur du jeu d\u00e9c\u00e9d\u00e9 r\u00e9cemment, l\u2019animateur a d\u00e9clar\u00e9\u00a0: \u00abChers amis, bonsoir, soyez les bienvenus \u00e0 \u201cFort Boyard\u201d. Je suis tr\u00e8s heureux de vous retrouver pour cette 36e saison d\u2019autant que, pour tout vous dire, elle a un go\u00fbt particulier pour moi puisque c\u2019est ma derni\u00e8re saison\u00bb.<\/p>\n<p class=\"fig-paragraph\">\u00abJe vais en effet avoir la chance, la fiert\u00e9 de vous accompagner une ultime fois dans cette grande aventure qu\u2019est \u201cFort Boyard\u201d. Mais je voulais d\u2019ores et d\u00e9j\u00e0 vous remercier. Vous remercier pour votre confiance, vous m\u2019avez accueilli durant toutes ces ann\u00e9es et \u00e7a, je ne l\u2019oublierai jamais\u00bb, a-t-il ajout\u00e9. Pour accompagner ses premiers adieux, la production a compil\u00e9 plusieurs s\u00e9quences d\u2019Olivier Minne remontant jusqu\u2019\u00e0 ses d\u00e9buts en 2003.<\/p>\n<p class=\"fig-paragraph\">D\u00e9but juin, le pr\u00e9sentateur de 58 ans s\u2019\u00e9tait \u00e9galement adress\u00e9 aux fid\u00e8les de \u00abTout le monde a son mot \u00e0 dire\u00bb. \u00abJe voulais vous remercier de nous suivre et j\u2019esp\u00e8re que vous allez continuer \u00e0 le faire parce que l\u2019\u00e9mission ne va pas changer pour autant\u00bb, avait-il esp\u00e9r\u00e9 avant de se tourner vers Sidonie Bonnec\u00a0: \u00abJe voulais te dire que dans ma vie professionnelle, j\u2019ai eu la chance de faire quelques duos avec des animatrices fantastiques et puis il y a eu toi qui es entr\u00e9e dans ma vie. Je dois t\u2019avouer que je me consid\u00e8re comme un homme tr\u00e8s g\u00e2t\u00e9. Tu es une femme tr\u00e8s particuli\u00e8re, tr\u00e8s sp\u00e9ciale et il faut que tu entretiennes \u00e7a, c\u2019est ce qui fait ta force, c\u2019est ce qui fait que je t\u2019aime, que je t\u2019aimerai toujours, au-del\u00e0 de ce programme\u00bb. Des mots qui avaient fait craquer l\u2019animatrice.<\/p>\n","protected":false},"excerpt":{"rendered":"Olivier Minne dans \u00abFort Boyard\u00bb sur France 2. Capture d&rsquo;\u00e9cran. Ce samedi soir, d\u00e8s les premi\u00e8res minutes de&hellip;\n","protected":false},"author":2,"featured_media":229165,"comment_status":"","ping_status":"","sticky":false,"template":"","format":"standard","meta":{"footnotes":""},"categories":[1359],"tags":[58,59,15745,1011,27,594,17033,973],"class_list":{"0":"post-229164","1":"post","2":"type-post","3":"status-publish","4":"format-standard","5":"has-post-thumbnail","7":"category-people","8":"tag-divertissement","9":"tag-entertainment","10":"tag-fort-boyard","11":"tag-fr","12":"tag-france","13":"tag-france-2","14":"tag-olivier-minne","15":"tag-people"},"share_on_mastodon":{"url":"https:\/\/pubeurope.com\/@fr\/114803087983064783","error":""},"_links":{"self":[{"href":"https:\/\/www.europesays.com\/fr\/wp-json\/wp\/v2\/posts\/229164","targetHints":{"allow":["GET"]}}],"collection":[{"href":"https:\/\/www.europesays.com\/fr\/wp-json\/wp\/v2\/posts"}],"about":[{"href":"https:\/\/www.europesays.com\/fr\/wp-json\/wp\/v2\/types\/post"}],"author":[{"embeddable":true,"href":"https:\/\/www.europesays.com\/fr\/wp-json\/wp\/v2\/users\/2"}],"replies":[{"embeddable":true,"href":"https:\/\/www.europesays.com\/fr\/wp-json\/wp\/v2\/comments?post=229164"}],"version-history":[{"count":0,"href":"https:\/\/www.europesays.com\/fr\/wp-json\/wp\/v2\/posts\/229164\/revisions"}],"wp:featuredmedia":[{"embeddable":true,"href":"https:\/\/www.europesays.com\/fr\/wp-json\/wp\/v2\/media\/229165"}],"wp:attachment":[{"href":"https:\/\/www.europesays.com\/fr\/wp-json\/wp\/v2\/media?parent=229164"}],"wp:term":[{"taxonomy":"category","embeddable":true,"href":"https:\/\/www.europesays.com\/fr\/wp-json\/wp\/v2\/categories?post=229164"},{"taxonomy":"post_tag","embeddable":true,"href":"https:\/\/www.europesays.com\/fr\/wp-json\/wp\/v2\/tags?post=229164"}],"curies":[{"name":"wp","href":"https:\/\/api.w.org\/{rel}","templated":true}]}}