{"id":229168,"date":"2025-07-05T22:57:10","date_gmt":"2025-07-05T22:57:10","guid":{"rendered":"https:\/\/www.europesays.com\/fr\/229168\/"},"modified":"2025-07-05T22:57:10","modified_gmt":"2025-07-05T22:57:10","slug":"le-groupe-black-sabbath-pionnier-du-heavy-metal-fait-ses-adieux-a-ses-fans-a-birmingham","status":"publish","type":"post","link":"https:\/\/www.europesays.com\/fr\/229168\/","title":{"rendered":"Le groupe Black Sabbath, pionnier du heavy metal, fait ses adieux \u00e0 ses fans \u00e0 Birmingham"},"content":{"rendered":"<p class=\"article-p mdl\">Ce samedi soir, la ville de Birmingham, berceau du heavy metal, vibre une derni\u00e8re fois au son de Black Sabbath. Le groupe mythique, pionnier du genre, donne son ultime concert dans le cadre d\u2019un \u00e9v\u00e9nement exceptionnel baptis\u00e9 Back to the Beginning, <strong>un hommage grandiose \u00e0 sa carri\u00e8re,<\/strong> organis\u00e9 dans le stade Villa Park, transform\u00e9 pour l\u2019occasion en cath\u00e9drale pa\u00efenne du m\u00e9tal.<\/p>\n<p>Ozzy Osbourne, 76 ans, figure l\u00e9gendaire et charismatique du groupe, avait annonc\u00e9 en f\u00e9vrier son intention de revenir aux sources : \u00ab\u00a0C\u2019est le moment pour moi de repartir du d\u00e9but&#8230; de donner en retour \u00e0 l\u2019endroit o\u00f9 je suis n\u00e9\u00a0\u00bb. Touch\u00e9 par la maladie de\u00a0<a class=\"link\" href=\"https:\/\/www.rtl.fr\/actu\/sante\/une-revolution-medicale-les-mots-de-guillaume-brachet-qui-se-bat-pour-trouver-un-traitement-contre-la-maladie-de-parkinson-7900491182\" title=\"&quot;Une r\u00e9volution m\u00e9dicale&quot; : les mots de Guillaume Brachet, qui se bat pour trouver un traitement contre la maladie de Parkinson\" rel=\"nofollow noopener\" target=\"_blank\">Parkinson<\/a>, le chanteur veut faire de ce concert <strong>un v\u00e9ritable point final \u00e0 sa carri\u00e8re.\u00a0<\/strong><\/p>\n<p>Le show baptis\u00e9 \u00ab\u00a0Back to the Beginning\u00a0\u00bb est pr\u00e9sent\u00e9 par l\u2019acteur Jason Momoa et mis en sc\u00e8ne par Tom Morello (Rage Against the Machine). Pendant plusieurs heures, les groupes de l\u00e9gende comme\u00a0<a class=\"link\" href=\"https:\/\/www.rtl.fr\/culture\/musique\/au-hellfest-metallica-rend-hommage-a-indochine-en-reprenant-l-aventurier-7900399740\" title=\"Hellfest : Metallica rend un hommage surprise \u00e0 Indochine en reprenant &quot;L&#039;Aventurier&quot;\" rel=\"nofollow noopener\" target=\"_blank\">Metallica<\/a>, Slayer, Anthrax, Alice In Chains, Pantera, Gojira, Mastodon et Lamb of God se succ\u00e8dent sur sc\u00e8ne.<\/p>\n<p>            Un concert de l\u00e9gende \u00ab\u00a0sold out\u00a0\u00bb en 16 minutes<\/p>\n<p class=\"article-p mdl\">\nLes billets, malgr\u00e9 des prix atteignant plusieurs centaines de livres sterling, se sont \u00e9coul\u00e9s en seulement 16 minutes. Face \u00e0 une demande massive, le concert a \u00e9galement \u00e9t\u00e9\u00a0<a class=\"link\" href=\"https:\/\/backtothebeginning.com\/\" target=\"_blank\" rel=\"nofollow noopener\">diffus\u00e9 en ligne pour 24,99 livres (environ 30 euros)<\/a>. Les recettes sont revers\u00e9es \u00e0 des \u0153uvres de charit\u00e9, notamment pour les enfants malades et<strong> la lutte contre la maladie de Parkinson.<\/strong><\/p>\n<p>Avec plus de 75 millions d\u2019albums vendus et des titres devenus des hymnes du genre comme Paranoid, War Pigs ou Iron Man, Black Sabbath quitte la sc\u00e8ne comme il y est entr\u00e9 : dans le tonnerre et la gloire. Un dernier acte \u00e0 la hauteur de celui que l\u2019on surnomme \u00ab\u00a0le Prince des t\u00e9n\u00e8bres\u00a0\u00bb, c\u00e9l\u00e8bre autant pour son talent musical que pour ses frasques, comme ce jour o\u00f9 <strong>il croqua la t\u00eate d\u2019une chauve-souris en plein concert<\/strong>.<\/p>\n<p>    La r\u00e9daction vous recommande<\/p>\n<p class=\"s-newsletter__title\">\n                L\u2019actualit\u00e9 par la r\u00e9daction de RTL dans votre bo\u00eete mail.\n            <\/p>\n<p class=\"s-newsletter__subtitle\">\n                Gr\u00e2ce \u00e0 votre compte RTL abonnez-vous \u00e0 la newsletter RTL info pour suivre toute l&rsquo;actualit\u00e9 au quotidien\n            <\/p>\n<p>\n                                    Lire la suite\n                                <\/p>\n","protected":false},"excerpt":{"rendered":"Ce samedi soir, la ville de Birmingham, berceau du heavy metal, vibre une derni\u00e8re fois au son de&hellip;\n","protected":false},"author":2,"featured_media":229169,"comment_status":"","ping_status":"","sticky":false,"template":"","format":"standard","meta":{"footnotes":""},"categories":[1355],"tags":[1697,58,59,2414,107,1011,27,28629,1361,873,473],"class_list":{"0":"post-229168","1":"post","2":"type-post","3":"status-publish","4":"format-standard","5":"has-post-thumbnail","7":"category-musique","8":"tag-concert","9":"tag-divertissement","10":"tag-entertainment","11":"tag-fil-culture","12":"tag-fil-info","13":"tag-fr","14":"tag-france","15":"tag-metal","16":"tag-music","17":"tag-musique","18":"tag-royaume-uni"},"share_on_mastodon":{"url":"https:\/\/pubeurope.com\/@fr\/114803103724068102","error":""},"_links":{"self":[{"href":"https:\/\/www.europesays.com\/fr\/wp-json\/wp\/v2\/posts\/229168","targetHints":{"allow":["GET"]}}],"collection":[{"href":"https:\/\/www.europesays.com\/fr\/wp-json\/wp\/v2\/posts"}],"about":[{"href":"https:\/\/www.europesays.com\/fr\/wp-json\/wp\/v2\/types\/post"}],"author":[{"embeddable":true,"href":"https:\/\/www.europesays.com\/fr\/wp-json\/wp\/v2\/users\/2"}],"replies":[{"embeddable":true,"href":"https:\/\/www.europesays.com\/fr\/wp-json\/wp\/v2\/comments?post=229168"}],"version-history":[{"count":0,"href":"https:\/\/www.europesays.com\/fr\/wp-json\/wp\/v2\/posts\/229168\/revisions"}],"wp:featuredmedia":[{"embeddable":true,"href":"https:\/\/www.europesays.com\/fr\/wp-json\/wp\/v2\/media\/229169"}],"wp:attachment":[{"href":"https:\/\/www.europesays.com\/fr\/wp-json\/wp\/v2\/media?parent=229168"}],"wp:term":[{"taxonomy":"category","embeddable":true,"href":"https:\/\/www.europesays.com\/fr\/wp-json\/wp\/v2\/categories?post=229168"},{"taxonomy":"post_tag","embeddable":true,"href":"https:\/\/www.europesays.com\/fr\/wp-json\/wp\/v2\/tags?post=229168"}],"curies":[{"name":"wp","href":"https:\/\/api.w.org\/{rel}","templated":true}]}}