{"id":229180,"date":"2025-07-05T23:04:09","date_gmt":"2025-07-05T23:04:09","guid":{"rendered":"https:\/\/www.europesays.com\/fr\/229180\/"},"modified":"2025-07-05T23:04:09","modified_gmt":"2025-07-05T23:04:09","slug":"iran-premiere-apparition-publique-de-layatollah-khamenei-depuis-le-cessez-le-feu-avec-israel","status":"publish","type":"post","link":"https:\/\/www.europesays.com\/fr\/229180\/","title":{"rendered":"Iran\u00a0: premi\u00e8re apparition publique de l\u2019ayatollah Khamenei depuis le cessez-le-feu avec Isra\u00ebl"},"content":{"rendered":"<p class=\"paragraph text_align_left lp-f-body-02\"><a href=\"https:\/\/www.leparisien.fr\/international\/iran\/nous-laurions-elimine-israel-etait-pret-a-tuer-ali-khamenei-durant-sa-guerre-contre-liran-27-06-2025-KO56CC5EJVE7RIM4KBKF3MOTMA.php\" target=\"_self\" rel=\"noopener\">Ses apparitions publiques sont rares<\/a>. Le guide supr\u00eame iranien, <a href=\"https:\/\/www.leparisien.fr\/international\/iran\/on-ne-le-pleurera-pas-sil-est-tue-le-neveu-de-khamenei-exile-en-france-espere-la-chute-du-regime-en-iran-18-06-2025-U5RZZHF3YFGW7EHU6YJEWT4DXQ.php\" target=\"_self\" rel=\"noopener\">l\u2019ayatollah Ali Khamenei<\/a>, a particip\u00e9 samedi \u00e0 T\u00e9h\u00e9ran \u00e0 une c\u00e9r\u00e9monie religieuse, selon des images diffus\u00e9es par les m\u00e9dias d\u2019\u00c9tat, les premi\u00e8res montrant le dirigeant en public depuis <a href=\"https:\/\/www.leparisien.fr\/international\/guerre-israel-iran-donald-trump-annonce-un-cessez-le-feu-total-24-06-2025-DGRLACLNS5DI7FJ2Z6GMF6IWLY.php\" target=\"_self\" rel=\"noopener\">le cessez-le-feu avec Isra\u00ebl le 24\u00a0juin<\/a>.<\/p>\n<p class=\"paragraph text_align_left lp-f-body-02\">Une vid\u00e9o diffus\u00e9e par la t\u00e9l\u00e9vision d\u2019\u00c9tat montre Ali Khamenei saluer des fid\u00e8les dans une mosqu\u00e9e lors d\u2019une c\u00e9r\u00e9monie marquant l\u2019anniversaire du martyre de l\u2019imam Hussein, une importante date pour les musulmans chiites.<\/p>\n<p>\u00ab\u00a0Le sang de nos veines pour notre dirigeant\u00a0\u00bb<\/p>\n<p class=\"paragraph text_align_left lp-f-body-02\">Le guide supr\u00eame, \u00e2g\u00e9 de 86\u00a0ans, est apparu sur une sc\u00e8ne v\u00eatu de noir. \u00ab\u00a0Le sang de nos veines pour notre dirigeant\u00a0!\u00a0\u00bb, ont entonn\u00e9 en ch\u0153ur devant lui les fid\u00e8les le poing lev\u00e9. La t\u00e9l\u00e9vision d\u2019\u00c9tat a pr\u00e9cis\u00e9 que la sc\u00e8ne avait \u00e9t\u00e9 tourn\u00e9e \u00e0 la mosqu\u00e9e de l\u2019imam Khomeini, du nom du fondateur de la R\u00e9publique islamique, situ\u00e9e dans le centre de T\u00e9h\u00e9ran.<\/p>\n<p class=\"paragraph text_align_left lp-f-body-02\"><a href=\"https:\/\/www.leparisien.fr\/international\/iran\/israel-iran-tacle-a-trump-menaces-en-cas-dintervention-americaine-ce-quil-faut-retenir-du-discours-de-layatollah-khamenei-18-06-2025-5AA7FW6MYVHK7PZ4D7LWKJXSXM.php\" target=\"_self\" rel=\"noopener\">La derni\u00e8re apparition de l\u2019ayatollah Ali Khamenei<\/a> remontait au 26\u00a0juin lors d\u2019une allocution enregistr\u00e9e deux jours apr\u00e8s le cessez-le-feu. Le dirigeant iranien, au pouvoir depuis 1989, y apparaissait seul avec sur le c\u00f4t\u00e9 le drapeau de la R\u00e9publique islamique.<\/p>\n<p class=\"paragraph text_align_left lp-f-body-02\">D\u2019autres allocutions enregistr\u00e9es avaient \u00e9t\u00e9 diffus\u00e9es durant les 12 jours de guerre qui ont oppos\u00e9 son pays \u00e0 l\u2019Iran, termin\u00e9e depuis le 24\u00a0juin et l\u2019entr\u00e9e en vigueur d\u2019un cessez-le-feu entre les deux pays ennemis.<\/p>\n<p class=\"paragraph text_align_left lp-f-body-02\">Les frappes isra\u00e9liennes ont notamment tu\u00e9 d\u2019importants commandants des forces arm\u00e9es, dont des Gardiens de la R\u00e9volution, l\u2019arm\u00e9e id\u00e9ologique de la R\u00e9publique islamique, ainsi qu\u2019une dizaine de scientifiques du programme nucl\u00e9aire iranien.<\/p>\n<p class=\"paragraph text_align_left lp-f-body-02\">Selon un bilan fourni par le pouvoir judiciaire iranien, au moins 936 personnes ont \u00e9t\u00e9 tu\u00e9es en Iran. Les tirs de repr\u00e9sailles vers Isra\u00ebl ont fait 28 morts, selon les autorit\u00e9s de l\u2019\u00c9tat h\u00e9breu.<\/p>\n","protected":false},"excerpt":{"rendered":"Ses apparitions publiques sont rares. Le guide supr\u00eame iranien, l\u2019ayatollah Ali Khamenei, a particip\u00e9 samedi \u00e0 T\u00e9h\u00e9ran \u00e0&hellip;\n","protected":false},"author":2,"featured_media":229181,"comment_status":"","ping_status":"","sticky":false,"template":"","format":"standard","meta":{"footnotes":""},"categories":[5],"tags":[11,1011,27,14,3019,12,28],"class_list":{"0":"post-229180","1":"post","2":"type-post","3":"status-publish","4":"format-standard","5":"has-post-thumbnail","7":"category-international","8":"tag-actualites","9":"tag-fr","10":"tag-france","11":"tag-international","12":"tag-iran","13":"tag-news","14":"tag-world"},"share_on_mastodon":{"url":"https:\/\/pubeurope.com\/@fr\/114803131329974789","error":""},"_links":{"self":[{"href":"https:\/\/www.europesays.com\/fr\/wp-json\/wp\/v2\/posts\/229180","targetHints":{"allow":["GET"]}}],"collection":[{"href":"https:\/\/www.europesays.com\/fr\/wp-json\/wp\/v2\/posts"}],"about":[{"href":"https:\/\/www.europesays.com\/fr\/wp-json\/wp\/v2\/types\/post"}],"author":[{"embeddable":true,"href":"https:\/\/www.europesays.com\/fr\/wp-json\/wp\/v2\/users\/2"}],"replies":[{"embeddable":true,"href":"https:\/\/www.europesays.com\/fr\/wp-json\/wp\/v2\/comments?post=229180"}],"version-history":[{"count":0,"href":"https:\/\/www.europesays.com\/fr\/wp-json\/wp\/v2\/posts\/229180\/revisions"}],"wp:featuredmedia":[{"embeddable":true,"href":"https:\/\/www.europesays.com\/fr\/wp-json\/wp\/v2\/media\/229181"}],"wp:attachment":[{"href":"https:\/\/www.europesays.com\/fr\/wp-json\/wp\/v2\/media?parent=229180"}],"wp:term":[{"taxonomy":"category","embeddable":true,"href":"https:\/\/www.europesays.com\/fr\/wp-json\/wp\/v2\/categories?post=229180"},{"taxonomy":"post_tag","embeddable":true,"href":"https:\/\/www.europesays.com\/fr\/wp-json\/wp\/v2\/tags?post=229180"}],"curies":[{"name":"wp","href":"https:\/\/api.w.org\/{rel}","templated":true}]}}