{"id":229182,"date":"2025-07-05T23:05:11","date_gmt":"2025-07-05T23:05:11","guid":{"rendered":"https:\/\/www.europesays.com\/fr\/229182\/"},"modified":"2025-07-05T23:05:11","modified_gmt":"2025-07-05T23:05:11","slug":"larcheveque-francais-thibault-verny-nomme-a-la-tete-de-la-commission-pontificale-pour-la-protection-des-mineurs-par-le-pape-leon-xiv","status":"publish","type":"post","link":"https:\/\/www.europesays.com\/fr\/229182\/","title":{"rendered":"L\u2019archev\u00eaque fran\u00e7ais Thibault Verny nomm\u00e9 \u00e0 la t\u00eate de la Commission pontificale pour la protection des mineurs par le pape L\u00e9on XIV"},"content":{"rendered":"<p>                          <img loading=\"lazy\" decoding=\"async\" src=\"https:\/\/www.europesays.com\/fr\/wp-content\/uploads\/2025\/07\/0c91052_upload-1-5sa13jpz1ndl-000-19y2hm.jpg\" alt=\"L\u2019archev\u00eaque fran\u00e7ais Thibault Verny, \u00e0 Paris, le 11\u00a0octobre 2018.\"   width=\"664\" height=\"443\"\/>    L\u2019archev\u00eaque fran\u00e7ais Thibault Verny, \u00e0 Paris, le 11\u00a0octobre 2018.  FRAN\u00c7OIS GUILLOT \/ AFP                   <\/p>\n<p class=\"article__paragraph  \">Le pape L\u00e9on XIV a nomm\u00e9, samedi 5\u00a0juillet, Mgr Thibault Verny, archev\u00eaque de Chamb\u00e9ry, \u00e0 la t\u00eate de la Commission pontificale pour la protection des mineurs. Mgr\u00a0Verny \u00e9tait jusqu\u2019\u00e0 pr\u00e9sent membre de cette commission, qui a pour mission de lutter contre la p\u00e9dophilie et les abus sexuels dans l\u2019Eglise, a pr\u00e9cis\u00e9 le Vatican dans un communiqu\u00e9. Celle-ci avait \u00e9t\u00e9 dirig\u00e9e jusqu\u2019en ao\u00fbt\u00a02024 par le cardinal am\u00e9ricain Sean O\u2019Malley. Ce dernier avait d\u00e9missionn\u00e9 pour cause de limite d\u2019\u00e2ge, ayant atteint les 80\u00a0ans.<\/p>\n<p>                                     Lire aussi |  Article r\u00e9serv\u00e9 \u00e0 nos abonn\u00e9s  <a href=\"https:\/\/www.lemonde.fr\/societe\/article\/2025\/04\/04\/violences-sexuelles-dans-l-eglise-le-dispositif-de-suivi-des-victimes-adultes-decoit_6591146_3224.html\" class=\"js-article-read-also catcher--favoris__link\" data-premium=\"1\" id=\"article-title-3417317\" target=\"_blank\" rel=\"noopener\">Violences sexuelles dans l\u2019Eglise\u00a0: le dispositif de suivi des victimes adultes d\u00e9\u00e7oit<\/a>    <\/p>\n<p>   Lire plus tard  <\/p>\n<p class=\"article__paragraph  \">\u00ab\u00a0Je suis pleinement conscient de la t\u00e2che grave et sacr\u00e9e confi\u00e9e \u00e0 la commission\u00a0: aider l\u2019Eglise \u00e0 devenir toujours plus vigilante, responsable et compatissante dans sa mission de protection des plus vuln\u00e9rables d\u2019entre nous\u00a0\u00bb, a d\u00e9clar\u00e9 Mgr\u00a0Verny, cit\u00e9 dans un communiqu\u00e9 de cette m\u00eame commission. \u00ab\u00a0Nos priorit\u00e9s se concentreront sur le soutien aux Eglises, en particulier celles qui ont encore du mal \u00e0 mettre en \u0153uvre des mesures de protection ad\u00e9quates\u00a0\u00bb, a-t-il assur\u00e9. \u00ab\u00a0Nous encouragerons la subsidiarit\u00e9 et le partage \u00e9quitable des ressources afin que toutes les parties de l\u2019Eglise, ind\u00e9pendamment de leur situation g\u00e9ographique ou de leurs circonstances, puissent garantir les normes de protection les plus \u00e9lev\u00e9es\u00a0\u00bb, a-t-il conclu.<\/p>\n<p class=\"article__paragraph  \">L\u2019archev\u00eaque fran\u00e7ais a une longue exp\u00e9rience dans ce domaine, ayant occup\u00e9 le poste de pr\u00e9sident du conseil de pr\u00e9vention et de lutte contre la p\u00e9dophilie de la Conf\u00e9rence \u00e9piscopale fran\u00e7aise jusqu\u2019au mois de juin\u00a02025.<\/p>\n<p class=\"article__paragraph  \">\u00ab\u00a0Il s\u2019agit de sensibiliser dans les diff\u00e9rents pays les diff\u00e9rentes conf\u00e9rences \u00e9piscopales, les diff\u00e9rentes congr\u00e9gations religieuses, sur l\u2019\u00e9coute et l\u2019accompagnement sp\u00e9cifiques des personnes victimes\u00a0\u00bb, a ajout\u00e9 Mgr\u00a0Verny dans une interview \u00e0 <a href=\"https:\/\/www.vaticannews.va\/fr\/vatican\/news\/2025-07\/thibault-verny-president-commission-protection-mineurs.html\" target=\"_blank\" rel=\"noopener\" title=\"Nouvelle fen\u00eatre\">Vaticannews<\/a>. \u00ab\u00a0Au sein de la Commission pour la protection des mineurs, il est d\u00e9cisif qu\u2019il y ait des personnes victimes, des parents de personnes victimes qui apportent leur exp\u00e9rience irrempla\u00e7able\u00a0\u00bb, a-t-il ajout\u00e9.<\/p>\n<p>                                Lire aussi :  Article r\u00e9serv\u00e9 \u00e0 nos abonn\u00e9s  <a href=\"https:\/\/www.lemonde.fr\/international\/article\/2023\/03\/30\/pedocriminalite-dans-l-eglise-catholique-crise-a-la-commission-pontificale-pour-la-protection-des-mineurs_6167529_3210.html\" class=\"js-article-read-also catcher--favoris__link\" data-premium=\"1\" id=\"article-title-3316559\" target=\"_blank\" rel=\"noopener\">P\u00e9docriminalit\u00e9 dans l\u2019Eglise catholique\u00a0: crise \u00e0 la commission pontificale pour la protection des mineurs<\/a>    <\/p>\n<p>   Lire plus tard  <\/p>\n<p class=\"author__detail\">  Le Monde avec AFP  <\/p>\n<p>                  <a href=\"https:\/\/www.lemonde.fr\/syndication\/\" class=\"reuse__content\" title=\"R\u00e9utiliser ce contenu\" target=\"_blank\" rel=\"noopener\">R\u00e9utiliser ce contenu<\/a>      <\/p>\n","protected":false},"excerpt":{"rendered":"L\u2019archev\u00eaque fran\u00e7ais Thibault Verny, \u00e0 Paris, le 11\u00a0octobre 2018. FRAN\u00c7OIS GUILLOT \/ AFP Le pape L\u00e9on XIV a&hellip;\n","protected":false},"author":2,"featured_media":229183,"comment_status":"","ping_status":"","sticky":false,"template":"","format":"standard","meta":{"footnotes":""},"categories":[4],"tags":[11,1011,27,12,25],"class_list":{"0":"post-229182","1":"post","2":"type-post","3":"status-publish","4":"format-standard","5":"has-post-thumbnail","7":"category-france","8":"tag-actualites","9":"tag-fr","10":"tag-france","11":"tag-news","12":"tag-republique-francaise"},"share_on_mastodon":{"url":"https:\/\/pubeurope.com\/@fr\/114803135306787100","error":""},"_links":{"self":[{"href":"https:\/\/www.europesays.com\/fr\/wp-json\/wp\/v2\/posts\/229182","targetHints":{"allow":["GET"]}}],"collection":[{"href":"https:\/\/www.europesays.com\/fr\/wp-json\/wp\/v2\/posts"}],"about":[{"href":"https:\/\/www.europesays.com\/fr\/wp-json\/wp\/v2\/types\/post"}],"author":[{"embeddable":true,"href":"https:\/\/www.europesays.com\/fr\/wp-json\/wp\/v2\/users\/2"}],"replies":[{"embeddable":true,"href":"https:\/\/www.europesays.com\/fr\/wp-json\/wp\/v2\/comments?post=229182"}],"version-history":[{"count":0,"href":"https:\/\/www.europesays.com\/fr\/wp-json\/wp\/v2\/posts\/229182\/revisions"}],"wp:featuredmedia":[{"embeddable":true,"href":"https:\/\/www.europesays.com\/fr\/wp-json\/wp\/v2\/media\/229183"}],"wp:attachment":[{"href":"https:\/\/www.europesays.com\/fr\/wp-json\/wp\/v2\/media?parent=229182"}],"wp:term":[{"taxonomy":"category","embeddable":true,"href":"https:\/\/www.europesays.com\/fr\/wp-json\/wp\/v2\/categories?post=229182"},{"taxonomy":"post_tag","embeddable":true,"href":"https:\/\/www.europesays.com\/fr\/wp-json\/wp\/v2\/tags?post=229182"}],"curies":[{"name":"wp","href":"https:\/\/api.w.org\/{rel}","templated":true}]}}