{"id":229184,"date":"2025-07-05T23:06:16","date_gmt":"2025-07-05T23:06:16","guid":{"rendered":"https:\/\/www.europesays.com\/fr\/229184\/"},"modified":"2025-07-05T23:06:16","modified_gmt":"2025-07-05T23:06:16","slug":"stands-associatifs-jets-de-pierre-gaz-lacrymogenes-la-drole-de-turboteuf-des-opposants-a-la69-dans-un-chateau-du-xve-siecle","status":"publish","type":"post","link":"https:\/\/www.europesays.com\/fr\/229184\/","title":{"rendered":"Stands associatifs, jets de pierre, gaz lacrymog\u00e8nes&#8230; La dr\u00f4le de \u00abturboteuf\u00bb des opposants \u00e0 l\u2019A69 dans un ch\u00e2teau du XVe si\u00e8cle"},"content":{"rendered":"<p><strong>REPORTAGE &#8211;<\/strong> Bernard d\u2019Ingrando, propri\u00e9taire du ch\u00e2teau de Scopont, a accept\u00e9 d\u2019accueillir, en marge de la manifestation contre l\u2019A69, un rassemblement festif. L\u2019autoroute passera \u00e0 300 m\u00e8tres du ch\u00e2teau alors qu\u2019on lui avait indiqu\u00e9 500 m\u00e8tres.<\/p>\n<p class=\"fig-paragraph\">Un millier de militants se rassemblent ce week-end dans le parc du vieux ch\u00e2teau de Scopont du XVe si\u00e8cle\u00a0<a href=\"http:\/\/www.lefigaro.fr\/flash-eco\/une-mobilisation-anti-a69-interdite-par-la-prefecture-attendue-ce-samedi-a-cote-du-chantier-20250705\" target=\"_blank\" data-fig-type=\"NewsFlash\" rel=\"noopener nofollow\" data-gtm-custom-categorie=\"navigation\" data-gtm-custom-action=\"crossclick\" data-gtm-custom-label=\"Contextuel\" data-gtm-event=\"customEventSPE\" data-fig-domain=\"LEFIGARO\">pour s\u2019opposer \u00e0 la construction de l\u2019autoroute A69 entre Castres (Tarn) et Toulouse<\/a>. Des militants \u00e9cologistes de tous \u00e2ges sont venus faire une \u00ab turboteuf\u00a0\u00bb \u00e0 l\u2019appel du collectif La Voie est Libre qui r\u00e9unit 14 associations dont Les Amis de la Terre, la Conf\u00e9d\u00e9ration paysanne et\u00a0<a href=\"http:\/\/www.lefigaro.fr\/bordeaux\/a-bordeaux-extinction-rebellion-cible-ikea-accuse-de-coupes-rases-dans-les-forets-20241028\" target=\"_blank\" data-fig-type=\"NewsFlash\" rel=\"noopener nofollow\" data-gtm-custom-categorie=\"navigation\" data-gtm-custom-action=\"crossclick\" data-gtm-custom-label=\"Contextuel\" data-gtm-event=\"customEventSPE\" data-fig-domain=\"LEFIGARO\">Extinction r\u00e9bellion<\/a>. La fa\u00e7ade du vieux ch\u00e2teau d\u00e9fra\u00eechi inscrit au patrimoine historique a \u00e9t\u00e9 recouverte pour l\u2019occasion d\u2019un grand drapeau palestinien. Son propri\u00e9taire, Bernard d\u2019Ingrando, un agent immobilier de 68 ans qui l\u2019a achet\u00e9 en 1991 au gouvernement alg\u00e9rien, n\u2019a rien d\u2019un gauchiste. Mais l\u2019autoroute A69 va passer \u00e0 300 m\u00e8tres du ch\u00e2teau alors qu\u2019on lui avait indiqu\u00e9 500 m\u00e8tres, et \u00e0 seulement 180 m\u00e8tres du petit pavillon romantique n\u00e9ogothique class\u00e9. Les travaux de l\u2019autoroute menacent la nappe phr\u00e9atique et la survie des jacinthes de Rome, une fleur rare qui pousse bien dans ce parc\u2026<\/p>\n<p class=\"fig-premium-paywall__infos\">\n        Cet article est r\u00e9serv\u00e9 aux abonn\u00e9s.        Il vous reste 86% \u00e0 d\u00e9couvrir.\n    <\/p>\n<p>                <img  data- alt=\"Le Figaro\" class=\"fig-img--complete fig-img\"\/><\/p>\n<p class=\"fig-premium-paywall__title\">Vous avez envie de lire la suite ?<\/p>\n<p class=\"fig-premium-paywall__subtitle\">D\u00e9bloquez tous les articles imm\u00e9diatement.<\/p>\n<p class=\"fig-premium-paywall__connect\">\n                D\u00e9j\u00e0 abonn\u00e9\u00a0?                <a class=\"fig-premium-paywall__connect-link\" href=\"https:\/\/connect.lefigaro.fr\/login?client=horizon_web&amp;type=main&amp;redirect_uri=https%3A%2F%2Fwww.lefigaro.fr%2Factualite-france%2Fstands-associatifs-jets-de-pierre-gaz-lacrymogenes-la-drole-de-turboteuf-des-opposants-a-l-a69-dans-un-chateau-du-xve-siecle-20250705\" data-js-gtm=\"{&quot;customCategorie&quot;: &quot;conversion&quot;, &quot;customAction&quot;: &quot;before_Landing_Connexion_paywall_auto&quot;, &quot;customLabel&quot;: &quot;bGVmaWdhcm8uZnJfXzFmMDU5YzEzLWI1OGQtNmYxNi1iMGZmLWVmMjk1MTQzN2U5YV9fQXJ0aWNsZQ==_Stands associatifs, jets de pierre, gaz lacrymog\u00e8nes... La dr\u00f4le de \u00abturboteuf\u00bb des opposants \u00e0 l\u2019A69 dans un ch\u00e2teau du XV&lt;sup&gt;e&lt;\/sup&gt; si\u00e8cle_1000&quot;, &quot;customIDSPE&quot;: &quot;bGVmaWdhcm8uZnJfXzFmMDU5YzEzLWI1OGQtNmYxNi1iMGZmLWVmMjk1MTQzN2U5YV9fQXJ0aWNsZQ==&quot;, &quot;event&quot;: &quot;customEventSPE&quot;}\" rel=\"nofollow noopener\" target=\"_blank\"><br \/>\n                    Connectez-vous<br \/>\n                <\/a>\n            <\/p>\n","protected":false},"excerpt":{"rendered":"REPORTAGE &#8211; Bernard d\u2019Ingrando, propri\u00e9taire du ch\u00e2teau de Scopont, a accept\u00e9 d\u2019accueillir, en marge de la manifestation contre&hellip;\n","protected":false},"author":2,"featured_media":229185,"comment_status":"","ping_status":"","sticky":false,"template":"","format":"standard","meta":{"footnotes":""},"categories":[2],"tags":[11,8199,1011,27,12,8412],"class_list":{"0":"post-229184","1":"post","2":"type-post","3":"status-publish","4":"format-standard","5":"has-post-thumbnail","7":"category-actualites","8":"tag-actualites","9":"tag-extinction-rebellion","10":"tag-fr","11":"tag-france","12":"tag-news","13":"tag-tarn"},"share_on_mastodon":{"url":"https:\/\/pubeurope.com\/@fr\/114803139092758747","error":""},"_links":{"self":[{"href":"https:\/\/www.europesays.com\/fr\/wp-json\/wp\/v2\/posts\/229184","targetHints":{"allow":["GET"]}}],"collection":[{"href":"https:\/\/www.europesays.com\/fr\/wp-json\/wp\/v2\/posts"}],"about":[{"href":"https:\/\/www.europesays.com\/fr\/wp-json\/wp\/v2\/types\/post"}],"author":[{"embeddable":true,"href":"https:\/\/www.europesays.com\/fr\/wp-json\/wp\/v2\/users\/2"}],"replies":[{"embeddable":true,"href":"https:\/\/www.europesays.com\/fr\/wp-json\/wp\/v2\/comments?post=229184"}],"version-history":[{"count":0,"href":"https:\/\/www.europesays.com\/fr\/wp-json\/wp\/v2\/posts\/229184\/revisions"}],"wp:featuredmedia":[{"embeddable":true,"href":"https:\/\/www.europesays.com\/fr\/wp-json\/wp\/v2\/media\/229185"}],"wp:attachment":[{"href":"https:\/\/www.europesays.com\/fr\/wp-json\/wp\/v2\/media?parent=229184"}],"wp:term":[{"taxonomy":"category","embeddable":true,"href":"https:\/\/www.europesays.com\/fr\/wp-json\/wp\/v2\/categories?post=229184"},{"taxonomy":"post_tag","embeddable":true,"href":"https:\/\/www.europesays.com\/fr\/wp-json\/wp\/v2\/tags?post=229184"}],"curies":[{"name":"wp","href":"https:\/\/api.w.org\/{rel}","templated":true}]}}