{"id":229186,"date":"2025-07-05T23:07:24","date_gmt":"2025-07-05T23:07:24","guid":{"rendered":"https:\/\/www.europesays.com\/fr\/229186\/"},"modified":"2025-07-05T23:07:24","modified_gmt":"2025-07-05T23:07:24","slug":"loire-un-camion-transportant-des-animaux-se-renverse-sur-la89","status":"publish","type":"post","link":"https:\/\/www.europesays.com\/fr\/229186\/","title":{"rendered":"Loire : un camion transportant des animaux se renverse sur l&rsquo;A89"},"content":{"rendered":"<p>Un poids lourd s&rsquo;est renvers\u00e9, ce vendredi 4 juillet, sur l&rsquo;A89, \u00e0 hauteur de Nervieux, juste avant d&rsquo;acc\u00e9der \u00e0 l&rsquo;A72, dans la Loire. Une dizaine de bovins sont d\u00e9c\u00e9d\u00e9s.<\/p>\n<p>Mise \u00e0 jour \u00e0 17h30<\/p>\n<p>Apr\u00e8s de nombreuses heures de ralentissements, la circulation a repris normalement sur l&rsquo;A89 dans le secteur de Nervieux.<\/p>\n<p>Vers 17h, la bretelle menant \u00e0 l&rsquo;A72 a \u00e9t\u00e9 rouverte aux voitures.<\/p>\n<p>Article initial<\/p>\n<p>L&rsquo;accident s&rsquo;est produit aux alentours de 8h40, ce vendredi, sur l&rsquo;<b>A89<\/b>, \u00e0 hauteur de la bretelle de <b>Nervieux <\/b>qui m\u00e8ne \u00e0 l&rsquo;<b>A72<\/b>, dans la Loire.<\/p>\n<p>Un poids lourd transportant <b>34 bovins et trois taureaux<\/b> s&rsquo;est couch\u00e9 sur le c\u00f4t\u00e9.<\/p>\n<p>\u00c0 bord, environ <b>une dizaine de bovins sont d\u00e9c\u00e9d\u00e9s<\/b>, selon les pompiers. Le conducteur, lui, a \u00e9t\u00e9 l\u00e9g\u00e8rement bless\u00e9. Il a \u00e9t\u00e9 pris en charge et transport\u00e9 \u00e0 l&rsquo;h\u00f4pital de Montbrison.<\/p>\n<p>Plusieurs heures de perturbation<\/p>\n<p>Parmi les secours, neuf membres de l&rsquo;\u00e9quipe animali\u00e8re sont pr\u00e9sents, ainsi que des moyens de d\u00e9sincarc\u00e9ration lourds. Les autorit\u00e9s pr\u00e9voient, en tout cas, <b>une op\u00e9ration de longue dur\u00e9e<\/b>.\u00a0<\/p>\n<p>En attendant, <b>la bretelle d&rsquo;acc\u00e8s \u00e0 l&rsquo;A72 est ferm\u00e9e<\/b>. Une d\u00e9viation est mise en place. Les usagers pr\u00e9sents sur l&rsquo;A89 en provenance de Lyon doivent prendre la sortie n\u00b033 \u00ab\u00a0Balbigny\u00a0\u00bb pour emprunter la D1082 et rejoindre l&rsquo;A72 \u00e0 hauteur de Feurs.<\/p>\n<p><img loading=\"lazy\" decoding=\"async\" src=\"https:\/\/www.europesays.com\/fr\/wp-content\/uploads\/2025\/07\/1751756844_611_img\" width=\"350\" height=\"200\" border=\"0\" title=\"Ce sera rouge sur les routes samedi 5 juillet dans le sens des d\u00c3\u00a9parts\"\/><\/p>\n<p>\u25baTrafic<\/p>\n<p style=\"font-size: 22px;\"><b>Bison Fut\u00e9 : du monde sur les routes pour le premier week-end de d\u00e9parts en vacances<\/b><\/p>\n<p>Premier week-end de d\u00e9parts en vacances ! Bison&#8230;<\/p>\n<p><\/p>\n","protected":false},"excerpt":{"rendered":"Un poids lourd s&rsquo;est renvers\u00e9, ce vendredi 4 juillet, sur l&rsquo;A89, \u00e0 hauteur de Nervieux, juste avant d&rsquo;acc\u00e9der&hellip;\n","protected":false},"author":2,"featured_media":229187,"comment_status":"","ping_status":"","sticky":false,"template":"","format":"standard","meta":{"footnotes":""},"categories":[9653],"tags":[15290,36770,119,1111,11,6955,2430,36772,4332,660,1777,674,1011,27,3367,36771,12,25,4001,34635],"class_list":{"0":"post-229186","1":"post","2":"type-post","3":"status-publish","4":"format-standard","5":"has-post-thumbnail","7":"category-saint-etienne","8":"tag-a72","9":"tag-a89","10":"tag-accident","11":"tag-actu","12":"tag-actualites","13":"tag-autoroute","14":"tag-auvergne-rhone-alpes","15":"tag-balbigny","16":"tag-bovins","17":"tag-camion","18":"tag-eu","19":"tag-europe","20":"tag-fr","21":"tag-france","22":"tag-loire","23":"tag-nervieux","24":"tag-news","25":"tag-republique-francaise","26":"tag-saint-etienne","27":"tag-taureaux"},"share_on_mastodon":{"url":"https:\/\/pubeurope.com\/@fr\/114803143108740138","error":""},"_links":{"self":[{"href":"https:\/\/www.europesays.com\/fr\/wp-json\/wp\/v2\/posts\/229186","targetHints":{"allow":["GET"]}}],"collection":[{"href":"https:\/\/www.europesays.com\/fr\/wp-json\/wp\/v2\/posts"}],"about":[{"href":"https:\/\/www.europesays.com\/fr\/wp-json\/wp\/v2\/types\/post"}],"author":[{"embeddable":true,"href":"https:\/\/www.europesays.com\/fr\/wp-json\/wp\/v2\/users\/2"}],"replies":[{"embeddable":true,"href":"https:\/\/www.europesays.com\/fr\/wp-json\/wp\/v2\/comments?post=229186"}],"version-history":[{"count":0,"href":"https:\/\/www.europesays.com\/fr\/wp-json\/wp\/v2\/posts\/229186\/revisions"}],"wp:featuredmedia":[{"embeddable":true,"href":"https:\/\/www.europesays.com\/fr\/wp-json\/wp\/v2\/media\/229187"}],"wp:attachment":[{"href":"https:\/\/www.europesays.com\/fr\/wp-json\/wp\/v2\/media?parent=229186"}],"wp:term":[{"taxonomy":"category","embeddable":true,"href":"https:\/\/www.europesays.com\/fr\/wp-json\/wp\/v2\/categories?post=229186"},{"taxonomy":"post_tag","embeddable":true,"href":"https:\/\/www.europesays.com\/fr\/wp-json\/wp\/v2\/tags?post=229186"}],"curies":[{"name":"wp","href":"https:\/\/api.w.org\/{rel}","templated":true}]}}