{"id":229188,"date":"2025-07-05T23:08:10","date_gmt":"2025-07-05T23:08:10","guid":{"rendered":"https:\/\/www.europesays.com\/fr\/229188\/"},"modified":"2025-07-05T23:08:10","modified_gmt":"2025-07-05T23:08:10","slug":"asse-le-nouveau-maillot-fait-debat","status":"publish","type":"post","link":"https:\/\/www.europesays.com\/fr\/229188\/","title":{"rendered":"ASSE : LE NOUVEAU MAILLOT FAIT D\u00c9BAT"},"content":{"rendered":"<p>Cette cr\u00e9ation vestimentaire transcende la simple fonction sportive pour devenir un v\u00e9ritable manifeste territorial. Le studio Vu-Huu a con\u00e7u cinq s\u00e9ries de pictogrammes int\u00e9gr\u00e9s \u00e0 l\u2019identit\u00e9 graphique renouvel\u00e9e de la Cit\u00e9 du Design, ornant recto et verso de la tunique.<\/p>\n<p>Le blanc fait d\u00e9bat dans le vert<\/p>\n<p>L\u2019innovation majeure r\u00e9side dans l\u2019adoption de manches blanches, rupture esth\u00e9tique qui divise profond\u00e9ment les opinions. Cette audace stylistique marque une \u00e9volution significative par rapport aux codes traditionnels du club. L\u00e9a Bourgier, cr\u00e9atrice impliqu\u00e9e dans l\u2019\u00e9laboration, justifie cette orientation : les manches apportent une luminosit\u00e9 contrast\u00e9e au vert historique, s\u2019inspirant des lignes architecturales du b\u00e2timent de la Platine. Un motif graphique subtil reproduit ces r\u00e9f\u00e9rences g\u00e9om\u00e9triques embl\u00e9matiques.<\/p>\n<p>Michael Didier, responsable marketing chez Hummel, revendique cette approche narrative : le maillot \u00e9tablit une connexion in\u00e9dite entre territoire, institution sportive et cr\u00e9ation contemporaine.<\/p>\n<p>Supporters partag\u00e9s entre tradition et modernit\u00e9<\/p>\n<p>Les r\u00e9actions du public illustrent cette fracture g\u00e9n\u00e9rationnelle et esth\u00e9tique. Yannick habitu\u00e9 des tribunes de Geoffroy-Guichard, exprime ses r\u00e9ticences : la tonalit\u00e9 verte lui para\u00eet trop importante. \u00c0 l\u2019oppos\u00e9, Amandin, supportrice de longue date, salue cette synth\u00e8se entre h\u00e9ritage et innovation. Le col immacul\u00e9, les manches contrast\u00e9es, l\u2019ensemble lui semble harmonieux et r\u00e9ussi.<\/p>\n<p>Un symbole d\u2019ambition pour la saison \u00e0 venir<\/p>\n<p>Cette tunique d\u00e9passe largement sa fonction utilitaire pour incarner une philosophie : r\u00e9concilier authenticit\u00e9 territoriale et modernit\u00e9 cr\u00e9ative. Elle accompagnera les Verts durant leur campagne 2025-2026, portant sur ses fibres les espoirs d\u2019une communaut\u00e9 enti\u00e8re.<\/p>\n<p>Reste \u00e0 d\u00e9terminer si cette alchimie visuelle se transformera en r\u00e9ussite sportive sur les pelouses de Ligue 2. Le maillot devient ainsi le premier ambassadeur des ambitions st\u00e9phanoises, m\u00ealant audace stylistique et ancrage identitaire dans un pari esth\u00e9tique qui ne laisse personne indiff\u00e9rent.<\/p>\n","protected":false},"excerpt":{"rendered":"Cette cr\u00e9ation vestimentaire transcende la simple fonction sportive pour devenir un v\u00e9ritable manifeste territorial. Le studio Vu-Huu a&hellip;\n","protected":false},"author":2,"featured_media":229189,"comment_status":"","ping_status":"","sticky":false,"template":"","format":"standard","meta":{"footnotes":""},"categories":[9653],"tags":[1111,11,461,2430,1777,674,1011,27,3367,12,25,4001],"class_list":{"0":"post-229188","1":"post","2":"type-post","3":"status-publish","4":"format-standard","5":"has-post-thumbnail","7":"category-saint-etienne","8":"tag-actu","9":"tag-actualites","10":"tag-asse","11":"tag-auvergne-rhone-alpes","12":"tag-eu","13":"tag-europe","14":"tag-fr","15":"tag-france","16":"tag-loire","17":"tag-news","18":"tag-republique-francaise","19":"tag-saint-etienne"},"share_on_mastodon":{"url":"https:\/\/pubeurope.com\/@fr\/114803147005700575","error":""},"_links":{"self":[{"href":"https:\/\/www.europesays.com\/fr\/wp-json\/wp\/v2\/posts\/229188","targetHints":{"allow":["GET"]}}],"collection":[{"href":"https:\/\/www.europesays.com\/fr\/wp-json\/wp\/v2\/posts"}],"about":[{"href":"https:\/\/www.europesays.com\/fr\/wp-json\/wp\/v2\/types\/post"}],"author":[{"embeddable":true,"href":"https:\/\/www.europesays.com\/fr\/wp-json\/wp\/v2\/users\/2"}],"replies":[{"embeddable":true,"href":"https:\/\/www.europesays.com\/fr\/wp-json\/wp\/v2\/comments?post=229188"}],"version-history":[{"count":0,"href":"https:\/\/www.europesays.com\/fr\/wp-json\/wp\/v2\/posts\/229188\/revisions"}],"wp:featuredmedia":[{"embeddable":true,"href":"https:\/\/www.europesays.com\/fr\/wp-json\/wp\/v2\/media\/229189"}],"wp:attachment":[{"href":"https:\/\/www.europesays.com\/fr\/wp-json\/wp\/v2\/media?parent=229188"}],"wp:term":[{"taxonomy":"category","embeddable":true,"href":"https:\/\/www.europesays.com\/fr\/wp-json\/wp\/v2\/categories?post=229188"},{"taxonomy":"post_tag","embeddable":true,"href":"https:\/\/www.europesays.com\/fr\/wp-json\/wp\/v2\/tags?post=229188"}],"curies":[{"name":"wp","href":"https:\/\/api.w.org\/{rel}","templated":true}]}}