{"id":229190,"date":"2025-07-05T23:09:25","date_gmt":"2025-07-05T23:09:25","guid":{"rendered":"https:\/\/www.europesays.com\/fr\/229190\/"},"modified":"2025-07-05T23:09:25","modified_gmt":"2025-07-05T23:09:25","slug":"nancy-lycee-saint-dominique-bac-2025-mention-tres-bien-lilimarie-pommier-18-ans-bac-general","status":"publish","type":"post","link":"https:\/\/www.europesays.com\/fr\/229190\/","title":{"rendered":"Nancy, lyc\u00e9e Saint-Dominique | Bac 2025 Mention Tr\u00e8s Bien. Lilimarie Pommier, 18 ans, bac g\u00e9n\u00e9ral"},"content":{"rendered":"<p>Lilimarie Pommier, 18 ans, demeurant \u00e0 Nancy, a d\u00e9croch\u00e9 son bac g\u00e9n\u00e9ral Math\u00e9matiques arts plastiques, option escalade, avec mention tr\u00e8s bien et une moyenne de 16,16. Passionn\u00e9e par les arts, elle a obtenu la note de 19 en fran\u00e7ais. Lilimarie a pratiqu\u00e9 la danse classique au conservatoire pendant huit ans et partique aussi l&rsquo;escalade. Elle a choisi l&rsquo;\u00e9cole Cond\u00e9 pour poursuivre ses \u00e9tudes et aspire \u00e0 devenir cr\u00e9atrice de mode. Apr\u00e8s une ann\u00e9e difficile, elle ressent un soulagement face \u00e0 cette r\u00e9ussite, esp\u00e9rant voyager cet \u00e9t\u00e9 en Italie ou au Royaume-Uni pour d\u00e9couvrir la mode dans ces pays.<\/p>\n<p>\u270e R\u00e9dig\u00e9 avec l&rsquo;aide d&rsquo;outils IA et v\u00e9rifi\u00e9 par un journaliste \ud83d\udec8 En savoir plus avec la charte IA d&rsquo;Ebra.<\/p>\n","protected":false},"excerpt":{"rendered":"Lilimarie Pommier, 18 ans, demeurant \u00e0 Nancy, a d\u00e9croch\u00e9 son bac g\u00e9n\u00e9ral Math\u00e9matiques arts plastiques, option escalade, avec&hellip;\n","protected":false},"author":2,"featured_media":229191,"comment_status":"","ping_status":"","sticky":false,"template":"","format":"standard","meta":{"footnotes":""},"categories":[9635],"tags":[1111,11,36609,1704,1057,1777,674,10961,1011,27,775,1702,1703,12,25],"class_list":{"0":"post-229190","1":"post","2":"type-post","3":"status-publish","4":"format-standard","5":"has-post-thumbnail","7":"category-nancy","8":"tag-actu","9":"tag-actualites","10":"tag-baccalaureat-mention-tres-bien","11":"tag-edition-nancy-et-agglomeration","12":"tag-education","13":"tag-eu","14":"tag-europe","15":"tag-examen-diplome","16":"tag-fr","17":"tag-france","18":"tag-grand-est","19":"tag-nancy","20":"tag-nancy-ville-54b","21":"tag-news","22":"tag-republique-francaise"},"share_on_mastodon":{"url":"https:\/\/pubeurope.com\/@fr\/114803150898419766","error":""},"_links":{"self":[{"href":"https:\/\/www.europesays.com\/fr\/wp-json\/wp\/v2\/posts\/229190","targetHints":{"allow":["GET"]}}],"collection":[{"href":"https:\/\/www.europesays.com\/fr\/wp-json\/wp\/v2\/posts"}],"about":[{"href":"https:\/\/www.europesays.com\/fr\/wp-json\/wp\/v2\/types\/post"}],"author":[{"embeddable":true,"href":"https:\/\/www.europesays.com\/fr\/wp-json\/wp\/v2\/users\/2"}],"replies":[{"embeddable":true,"href":"https:\/\/www.europesays.com\/fr\/wp-json\/wp\/v2\/comments?post=229190"}],"version-history":[{"count":0,"href":"https:\/\/www.europesays.com\/fr\/wp-json\/wp\/v2\/posts\/229190\/revisions"}],"wp:featuredmedia":[{"embeddable":true,"href":"https:\/\/www.europesays.com\/fr\/wp-json\/wp\/v2\/media\/229191"}],"wp:attachment":[{"href":"https:\/\/www.europesays.com\/fr\/wp-json\/wp\/v2\/media?parent=229190"}],"wp:term":[{"taxonomy":"category","embeddable":true,"href":"https:\/\/www.europesays.com\/fr\/wp-json\/wp\/v2\/categories?post=229190"},{"taxonomy":"post_tag","embeddable":true,"href":"https:\/\/www.europesays.com\/fr\/wp-json\/wp\/v2\/tags?post=229190"}],"curies":[{"name":"wp","href":"https:\/\/api.w.org\/{rel}","templated":true}]}}