{"id":229204,"date":"2025-07-05T23:23:38","date_gmt":"2025-07-05T23:23:38","guid":{"rendered":"https:\/\/www.europesays.com\/fr\/229204\/"},"modified":"2025-07-05T23:23:38","modified_gmt":"2025-07-05T23:23:38","slug":"a-strasbourg-un-jardinier-de-68-ans-soigne-nos-plantes-gratuitement","status":"publish","type":"post","link":"https:\/\/www.europesays.com\/fr\/229204\/","title":{"rendered":"\u00e0 Strasbourg, un jardinier de 68 ans soigne nos plantes gratuitement !"},"content":{"rendered":"<p><strong>\u00c0 Strasbourg, il existe un lieu d\u00e9di\u00e9 \u00e0 la protection des plantes, une clinique o\u00f9 officie Patrick, retrait\u00e9 de 68 ans. Nich\u00e9 en plein c\u0153ur du Neudorf, les portes de l\u2019immense \u00e9crin de verdure de ce passionn\u00e9 sont souvent ouvertes pour venir en aide aux jardiniers en herbe. Rencontre.<\/strong><\/p>\n<p>En passant devant les portes de son jardin, <strong>impossible de ne pas ralentir le pas pour contempler cette mini-jungle urbaine<\/strong> qui nous fait face. Impossible non plus de ne pas apercevoir Patrick, souvent affair\u00e9 autour de ses plantes\u00a0<\/p>\n<p><strong>Nich\u00e9 au c\u0153ur du Neudorf, \u00e0 deux pas du stade de la Meinau,<\/strong> ce havre de paix d\u00e9tonne avec les alentours. \u00ab J\u2019ai cette chance d\u2019avoir un jardin au Neudorf, c\u2019est quand m\u00eame rare. Ici, on se retrouve dans un lieu qui fait environ 350 m2 \u00bb, d\u00e9taille le retrait\u00e9, fier de son joyau strasbourgeois.<\/p>\n<p>                <img width=\"888\" height=\"500\" src=\"https:\/\/www.europesays.com\/fr\/wp-content\/uploads\/2025\/07\/sos-plantes-34-888x500.jpg\" class=\"attachment-gallery size-gallery\" alt=\"SOS Plantes-34\" data-full-url=\"https:\/\/pokaa.fr\/wp-content\/uploads\/2025\/07\/01\/sos-plantes-34.jpg\" decoding=\"async\" loading=\"lazy\"  \/>            <\/p>\n<p>                <img width=\"888\" height=\"500\" src=\"https:\/\/www.europesays.com\/fr\/wp-content\/uploads\/2025\/07\/sos-plantes-01-888x500.jpg\" class=\"attachment-gallery size-gallery\" alt=\"SOS Plantes-01\" data-full-url=\"https:\/\/pokaa.fr\/wp-content\/uploads\/2025\/07\/01\/sos-plantes-01.jpg\" decoding=\"async\" loading=\"lazy\"  \/>            <\/p>\n<p>                <img width=\"888\" height=\"500\" src=\"https:\/\/www.europesays.com\/fr\/wp-content\/uploads\/2025\/07\/sos-plantes-22-888x500.jpg\" class=\"attachment-gallery size-gallery\" alt=\"SOS Plantes-22\" data-full-url=\"https:\/\/pokaa.fr\/wp-content\/uploads\/2025\/07\/01\/sos-plantes-22.jpg\" decoding=\"async\" loading=\"lazy\"  \/>            <\/p>\n<p>                    \u00a9 Jules Scheuer \/ Pokaa<\/p>\n<p>    <img width=\"800\" height=\"450\" src=\"https:\/\/www.europesays.com\/fr\/wp-content\/uploads\/2025\/07\/sos-plantes-14-800x450.jpg\" class=\"attachment-image-size-L size-image-size-L\" alt=\"SOS Plantes-14\" decoding=\"async\" loading=\"lazy\"  \/>         \u00a9 Jules Scheuer \/ Pokaa <\/p>\n<p>All\u00f4 ? SOS Plantes \u00e0 votre \u00e9coute<\/p>\n<p><strong>\u00c0 68 ans, Patrick n\u2019est pas seulement un passionn\u00e9 de plantes.<\/strong> Cet ancien r\u00e9\u00e9ducateur et ma\u00eetre-nageur propose chez lui un service un peu particulier : un service d\u2019urgence nomm\u00e9 SOS Plantes. \u00ab C\u2019est quelque chose que j\u2019ai cr\u00e9\u00e9, \u00e7a m\u2019amuse. Le principe, c\u2019est que <strong>les gens qui ont des probl\u00e8mes avec leurs plantes me les ram\u00e8nent et je les soigne gratuitement<\/strong> \u00bb, explique-t-il. <\/p>\n<p>\u00ab<strong> Je trouve \u00e7a bien que les gens tentent de sauver et de conserver leurs plantes<\/strong> plut\u00f4t que d\u2019en acheter une et de la jeter d\u00e8s qu\u2019elle a un petit souci. \u00bb Un panneau, install\u00e9 devant sa maison quasiment sept jours sur sept, invite \u00e0 venir lui rendre visite. \u00ab Si la porte est ouverte, vous pouvez venir me voir. \u00bb<\/p>\n<p>    <img width=\"800\" height=\"450\" src=\"https:\/\/www.europesays.com\/fr\/wp-content\/uploads\/2025\/07\/sos-plantes-32-800x450.jpg\" class=\"attachment-image-size-L size-image-size-L\" alt=\"SOS Plantes-32\" decoding=\"async\" loading=\"lazy\"  \/>         \u00a9 Jules Scheuer \/ Pokaa <\/p>\n<p>                <img width=\"281\" height=\"500\" src=\"https:\/\/www.europesays.com\/fr\/wp-content\/uploads\/2025\/07\/sos-plantes-30-281x500.jpg\" class=\"attachment-gallery size-gallery\" alt=\"SOS Plantes-30\" data-full-url=\"https:\/\/pokaa.fr\/wp-content\/uploads\/2025\/07\/01\/sos-plantes-30.jpg\" decoding=\"async\" loading=\"lazy\"  \/>            <\/p>\n<p>                <img width=\"888\" height=\"500\" src=\"https:\/\/www.europesays.com\/fr\/wp-content\/uploads\/2025\/07\/sos-plantes-27-888x500.jpg\" class=\"attachment-gallery size-gallery\" alt=\"SOS Plantes-27\" data-full-url=\"https:\/\/pokaa.fr\/wp-content\/uploads\/2025\/07\/01\/sos-plantes-27.jpg\" decoding=\"async\" loading=\"lazy\"  \/>            <\/p>\n<p>                <img width=\"888\" height=\"500\" src=\"https:\/\/www.europesays.com\/fr\/wp-content\/uploads\/2025\/07\/sos-plantes-16-888x500.jpg\" class=\"attachment-gallery size-gallery\" alt=\"SOS Plantes-16\" data-full-url=\"https:\/\/pokaa.fr\/wp-content\/uploads\/2025\/07\/01\/sos-plantes-16.jpg\" decoding=\"async\" loading=\"lazy\"  \/>            <\/p>\n<p>                    \u00a9 Jules Scheuer \/ Pokaa<\/p>\n<p>Ce jour-l\u00e0, c\u2019est <strong>H\u00e9l\u00e8ne, orthodontiste de 30 ans, qui vient demander de l\u2019aide \u00e0 Patrick,<\/strong> avec un probl\u00e8me des plus urgents. \u00ab J\u2019ai re\u00e7u un olivier il y a deux semaines et assez rapidement il a perdu ses feuilles. Il faut que je le sauve avant qu\u2019il ne meure compl\u00e8tement. <strong>Je n\u2019ai pas beaucoup de plantes \u00e0 la maison mais celle-l\u00e0, je tiens \u00e0 la sauver. <\/strong>\u00bb<\/p>\n<p>Pour trouver cette adresse, la trentenaire n\u2019a pas eu \u00e0 chercher tr\u00e8s loin, <strong>la r\u00e9putation de Dr. Plantes le pr\u00e9c\u00e9dant<\/strong>. \u00ab Je voulais d\u2019abord l\u2019emmener dans une p\u00e9pini\u00e8re et en cherchant sur <a href=\"https:\/\/www.facebook.com\/groups\/2277162429011563\/?locale=fr_FR\" target=\"_blank\" rel=\"noopener\">le groupe Facebook du Neudorf<\/a>, j\u2019ai eu \u00e9cho de Patrick. Je trouve \u00e7a hyper sympa comme principe et \u00e7a correspond bien au Neudorf. Je trouve que \u00e7a va bien avec le quartier, qui est dans l\u2019entraide. \u00bb<\/p>\n<p>                <img width=\"888\" height=\"500\" src=\"https:\/\/www.europesays.com\/fr\/wp-content\/uploads\/2025\/07\/sos-plantes-18-888x500.jpg\" class=\"attachment-gallery size-gallery\" alt=\"SOS Plantes-18\" data-full-url=\"https:\/\/pokaa.fr\/wp-content\/uploads\/2025\/07\/01\/sos-plantes-18.jpg\" decoding=\"async\" loading=\"lazy\"  \/>            <\/p>\n<p>                <img width=\"281\" height=\"500\" src=\"https:\/\/www.europesays.com\/fr\/wp-content\/uploads\/2025\/07\/sos-plantes-02-281x500.jpg\" class=\"attachment-gallery size-gallery\" alt=\"SOS Plantes-02\" data-full-url=\"https:\/\/pokaa.fr\/wp-content\/uploads\/2025\/07\/01\/sos-plantes-02.jpg\" decoding=\"async\" loading=\"lazy\"  \/>            <\/p>\n<p>                <img width=\"888\" height=\"500\" src=\"https:\/\/www.europesays.com\/fr\/wp-content\/uploads\/2025\/07\/sos-plantes-25-888x500.jpg\" class=\"attachment-gallery size-gallery\" alt=\"SOS Plantes-25\" data-full-url=\"https:\/\/pokaa.fr\/wp-content\/uploads\/2025\/07\/01\/sos-plantes-25.jpg\" decoding=\"async\" loading=\"lazy\"  \/>            <\/p>\n<p>                    \u00a9 Jules Scheuer \/ Pokaa<\/p>\n<p>    <img width=\"800\" height=\"450\" src=\"https:\/\/www.europesays.com\/fr\/wp-content\/uploads\/2025\/07\/sos-plantes-06-800x450.jpg\" class=\"attachment-image-size-L size-image-size-L\" alt=\"SOS Plantes-06\" decoding=\"async\" loading=\"lazy\"  \/>         \u00a9 Jules Scheuer \/ Pokaa <\/p>\n<p>\u00ab Les plantes ne savent pas nager \u00bb<\/p>\n<p><strong>Apr\u00e8s la consultation dans son cabinet d\u2019ext\u00e9rieur, le verdict est sans appel.<\/strong>L\u2019olivier est en train de se noyer. Un \u00ab probl\u00e8me typique \u00bb selon l\u2019expert. \u00ab 95 % des gens n\u2019ont pas encore compris, parce qu\u2019on ne leur a jamais dit, que les plantes ne savent pas nager \u00bb, ironise-t-il. <\/p>\n<p>\u00ab Quand vous achetez une plante, vous l\u2019achetez pour les yeux. Et vous vous dites : je vais mettre un beau cache-pot, c\u2019est plus joli. Vous commencez \u00e0 l\u2019arroser et \u00e0 un moment, la plante meurt. <strong>Le probl\u00e8me, 9 fois sur 10, c\u2019est lorsque les plantes sont arros\u00e9es dans le cache-pot.<\/strong> La terre peut s\u00e9cher \u00e0 la surface, on remet un peu d\u2019eau, sauf que \u00e7a ne s\u2019\u00e9vacue pas en bas et c\u2019est tout le temps mouill\u00e9 ! Donc c\u2019est foutu, la plante est noy\u00e9e. \u00bb<\/p>\n<p>Un probl\u00e8me tellement r\u00e9current que Patrick en a fait un t-shirt : \u00ab Les plantes ne savent pas nager \u00bb, son mantra.<\/p>\n<p>                <img width=\"888\" height=\"500\" src=\"https:\/\/www.europesays.com\/fr\/wp-content\/uploads\/2025\/07\/sos-plantes-26-888x500.jpg\" class=\"attachment-gallery size-gallery\" alt=\"SOS Plantes-26\" data-full-url=\"https:\/\/pokaa.fr\/wp-content\/uploads\/2025\/07\/01\/sos-plantes-26.jpg\" decoding=\"async\" loading=\"lazy\"  \/>            <\/p>\n<p>                <img width=\"888\" height=\"500\" src=\"https:\/\/www.europesays.com\/fr\/wp-content\/uploads\/2025\/07\/sos-plantes-15-888x500.jpg\" class=\"attachment-gallery size-gallery\" alt=\"SOS Plantes-15\" data-full-url=\"https:\/\/pokaa.fr\/wp-content\/uploads\/2025\/07\/01\/sos-plantes-15.jpg\" decoding=\"async\" loading=\"lazy\"  \/>            <\/p>\n<p>                <img width=\"888\" height=\"500\" src=\"https:\/\/www.europesays.com\/fr\/wp-content\/uploads\/2025\/07\/sos-plantes-09-888x500.jpg\" class=\"attachment-gallery size-gallery\" alt=\"SOS Plantes-09\" data-full-url=\"https:\/\/pokaa.fr\/wp-content\/uploads\/2025\/07\/01\/sos-plantes-09.jpg\" decoding=\"async\" loading=\"lazy\"  \/>            <\/p>\n<p>                    \u00a9 Jules Scheuer \/ Pokaa<\/p>\n<p>    <img width=\"800\" height=\"450\" src=\"https:\/\/www.europesays.com\/fr\/wp-content\/uploads\/2025\/07\/sos-plantes-28-800x450.jpg\" class=\"attachment-image-size-L size-image-size-L\" alt=\"SOS Plantes-28\" decoding=\"async\" loading=\"lazy\"  \/>         Patrick et H\u00e9l\u00e8ne. \u00a9 Jules Scheuer \/ Pokaa <\/p>\n<p>Cet amour pour les plantes a commenc\u00e9 assez jeune chez celui qui a souffl\u00e9 cette ann\u00e9e ses 68 bougies. \u00ab <strong>C\u2019est une passion q<\/strong><strong>ue j\u2019ai depuis tr\u00e8s longtemps. Je me souviens que ma m\u00e8re avait un balcon, un vrai paradis.<\/strong> Je suppose que \u00e7a m\u2019a donn\u00e9 des id\u00e9es. Ma fille est devenue ing\u00e9nieure en horticulture. Les chiens ne font pas des chats \u00bb, plaisante-t-il. <\/p>\n<p>Quand il am\u00e9nage son jardin au Neudorf, les choses se mettent doucement en place. \u00ab Dans un premier temps, j\u2019ai fait comme tout le monde, j\u2019ai d\u2019abord mis de la pelouse partout. <strong>Aujourd\u2019hui, j\u2019ai environ 350 plantes dans le jardin et plus de 400 cactus et plantes grasses <\/strong>\u00bb.\u00a0<\/p>\n<p>                <img width=\"281\" height=\"500\" src=\"https:\/\/www.europesays.com\/fr\/wp-content\/uploads\/2025\/07\/sos-plantes-17-281x500.jpg\" class=\"attachment-gallery size-gallery\" alt=\"SOS Plantes-17\" data-full-url=\"https:\/\/pokaa.fr\/wp-content\/uploads\/2025\/07\/01\/sos-plantes-17.jpg\" decoding=\"async\" loading=\"lazy\"  \/>            <\/p>\n<p>                <img width=\"888\" height=\"500\" src=\"https:\/\/www.europesays.com\/fr\/wp-content\/uploads\/2025\/07\/sos-plantes-08-888x500.jpg\" class=\"attachment-gallery size-gallery\" alt=\"SOS Plantes-08\" data-full-url=\"https:\/\/pokaa.fr\/wp-content\/uploads\/2025\/07\/01\/sos-plantes-08.jpg\" decoding=\"async\" loading=\"lazy\"  \/>            <\/p>\n<p>                <img width=\"888\" height=\"500\" src=\"https:\/\/www.europesays.com\/fr\/wp-content\/uploads\/2025\/07\/sos-plantes-23-888x500.jpg\" class=\"attachment-gallery size-gallery\" alt=\"SOS Plantes-23\" data-full-url=\"https:\/\/pokaa.fr\/wp-content\/uploads\/2025\/07\/01\/sos-plantes-23.jpg\" decoding=\"async\" loading=\"lazy\"  \/>            <\/p>\n<p>                    \u00a9 Jules Scheuer \/ Pokaa<\/p>\n<p>Puis avec le Covid, lui vient une id\u00e9e. \u00ab <strong>Les passants regardaient mon jardin comme si c\u2019\u00e9tait celui d\u2019\u00c9den.<\/strong> Ils \u00e9taient enferm\u00e9s tellement longtemps qu\u2019ils avaient envie de sortir. Et quand ils se baladaient, ils passaient par l\u00e0. J\u2019ai ouvert la porte, j\u2019ai marqu\u00e9 sur une pancarte : Rentrez, visitez, c\u2019est gratuit. \u00bb<\/p>\n<p>Une passion partag\u00e9e qui rend Patrick heureux<\/p>\n<p>Les minutes dans le jardin de Patrick s\u2019\u00e9grainent et la discussion se prolonge. <strong>Difficile d\u2019arr\u00eater le passionn\u00e9, une fois qu\u2019il est lanc\u00e9 dans la visite guid\u00e9e de son luxuriant espace vert.<\/strong> Il s\u2019arr\u00eate net devant l\u2019une de ses esp\u00e8ces f\u00e9tiches pour partager une \u00e9ni\u00e8me anecdote. <\/p>\n<p>\u00ab <strong style=\"font-weight: 400;\">J\u2019ai une plante extraordinaire qui s\u2019appelle la Kalanchoe daigremontiana.<\/strong> C\u2019est une plante qui se reproduit pratiquement toute seule. <strong style=\"font-weight: 400;\">J\u2019ai pris l\u2019habitude d\u2019en mettre en pot et de les donner aux gamins qui passent.<\/strong> \u00c7a leur permet d\u2019avoir une relation avec la nature, d\u2019avoir leur propre plante. Quand ils repassent deux, trois mois apr\u00e8s, ils me disent que \u00e7a a fonctionn\u00e9. Il est l\u00e0 tout le plaisir. D\u2019avoir des moments d\u2019\u00e9changes assez extraordinaires. Quand je vois \u00e7a, je suis heureux. \u00bb <\/p>\n<p>                <img width=\"888\" height=\"500\" src=\"https:\/\/www.europesays.com\/fr\/wp-content\/uploads\/2025\/07\/sos-plantes-14-888x500.jpg\" class=\"attachment-gallery size-gallery\" alt=\"SOS Plantes-14\" data-full-url=\"https:\/\/pokaa.fr\/wp-content\/uploads\/2025\/07\/01\/sos-plantes-14.jpg\" decoding=\"async\" loading=\"lazy\"  \/>            <\/p>\n<p>                <img width=\"888\" height=\"500\" src=\"https:\/\/www.europesays.com\/fr\/wp-content\/uploads\/2025\/07\/sos-plantes-13-888x500.jpg\" class=\"attachment-gallery size-gallery\" alt=\"SOS Plantes-13\" data-full-url=\"https:\/\/pokaa.fr\/wp-content\/uploads\/2025\/07\/01\/sos-plantes-13.jpg\" decoding=\"async\" loading=\"lazy\"  \/>            <\/p>\n<p>                <img width=\"888\" height=\"500\" src=\"https:\/\/www.europesays.com\/fr\/wp-content\/uploads\/2025\/07\/sos-plantes-12-888x500.jpg\" class=\"attachment-gallery size-gallery\" alt=\"SOS Plantes-12\" data-full-url=\"https:\/\/pokaa.fr\/wp-content\/uploads\/2025\/07\/01\/sos-plantes-12.jpg\" decoding=\"async\" loading=\"lazy\"  \/>            <\/p>\n<p>                    \u00a9 Jules Scheuer \/ Pokaa<\/p>\n<p><strong>C\u2019est \u00e7a aussi, Patrick. C\u2019est ce partage d\u2019une passion pour la flore :<\/strong> du tourisme pour explorer la v\u00e9g\u00e9tation aux quatre coins de la France avec sa compagne, aux actions en faveur des jeunes du Foyer de la jeunesse Charles-Frey pour leur faire d\u00e9couvrir les joies du jardinage, jusqu\u2019aux conseils avis\u00e9s donn\u00e9s \u00e0 celles et ceux qui souhaiteraient s\u2019arr\u00eater cinq minutes sur le perron de sa porte.\u00a0<\/p>\n<p>Aujourd\u2019hui, Patrick ne se verrait plus arr\u00eater de partager sa passion. \u00ab <strong>Je ne m\u2019ennuie pas r\u00e9ellement, mais c\u2019est vrai que si je n\u2019avais pas les gens, \u00e7a ferait peut-\u00eatre long d\u2019\u00eatre dans le jardin toute la journ\u00e9e.<\/strong> Alors que l\u00e0, \u00e7a rentre, \u00e7a sort, \u00e7a bouge ! \u00bb<\/p>\n<p>                <img width=\"888\" height=\"500\" src=\"https:\/\/www.europesays.com\/fr\/wp-content\/uploads\/2025\/07\/sos-plantes-11-888x500.jpg\" class=\"attachment-gallery size-gallery\" alt=\"SOS Plantes-11\" data-full-url=\"https:\/\/pokaa.fr\/wp-content\/uploads\/2025\/07\/01\/sos-plantes-11.jpg\" decoding=\"async\" loading=\"lazy\"  \/>            <\/p>\n<p>                <img width=\"888\" height=\"500\" src=\"https:\/\/www.europesays.com\/fr\/wp-content\/uploads\/2025\/07\/sos-plantes-05-888x500.jpg\" class=\"attachment-gallery size-gallery\" alt=\"SOS Plantes-05\" data-full-url=\"https:\/\/pokaa.fr\/wp-content\/uploads\/2025\/07\/01\/sos-plantes-05.jpg\" decoding=\"async\" loading=\"lazy\"  \/>            <\/p>\n<p>                <img width=\"888\" height=\"500\" src=\"https:\/\/www.europesays.com\/fr\/wp-content\/uploads\/2025\/07\/sos-plantes-10-888x500.jpg\" class=\"attachment-gallery size-gallery\" alt=\"SOS Plantes-10\" data-full-url=\"https:\/\/pokaa.fr\/wp-content\/uploads\/2025\/07\/01\/sos-plantes-10.jpg\" decoding=\"async\" loading=\"lazy\"  \/>            <\/p>\n<p>                    \u00a9 Jules Scheuer \/ Pokaa<\/p>\n<p>Les passant(e)s, plut\u00f4t les patient(e)s du Dr. Plantes, sont souvent impressionn\u00e9(e)s par ses sauvetages miraculeux. \u00ab En r\u00e9alit\u00e9, ils sont surpris qu\u2019on puisse r\u00e9parer facilement des plantes. \u00bb <strong>T\u00e2ches sur les feuilles, plantes d\u00e9cr\u00e9pies, feuilles qui tombent\u2026 Dr Plantes s\u2019occupe de vous \u00e0 la moindre urgence. <\/strong><\/p>\n<p>Mais attention, <strong>il avertit, il n\u2019intervient que dans la limite de ses connaissances et de ses comp\u00e9tences.<\/strong> Et quand il s\u00e8che, il peut compter sur son encyclop\u00e9die. \u00ab Quand je ne sais pas, je cherche. J\u2019ai de la litt\u00e9rature chez moi, mais j\u2019ai surtout ma Bible des plantes. C\u2019est un livre que ma m\u00e8re avait achet\u00e9, il y a 40 ou 50 ans. Quand je ne trouve pas mes r\u00e9ponses, c\u2019est l\u00e0-dedans que je vais les chercher. \u00bb<\/p>\n<p>                <img width=\"888\" height=\"500\" src=\"https:\/\/www.europesays.com\/fr\/wp-content\/uploads\/2025\/07\/sos-plantes-03-888x500.jpg\" class=\"attachment-gallery size-gallery\" alt=\"SOS Plantes-03\" data-full-url=\"https:\/\/pokaa.fr\/wp-content\/uploads\/2025\/07\/01\/sos-plantes-03.jpg\" decoding=\"async\" loading=\"lazy\"  \/>            <\/p>\n<p>                <img width=\"888\" height=\"500\" src=\"https:\/\/www.europesays.com\/fr\/wp-content\/uploads\/2025\/07\/sos-plantes-19-888x500.jpg\" class=\"attachment-gallery size-gallery\" alt=\"SOS Plantes-19\" data-full-url=\"https:\/\/pokaa.fr\/wp-content\/uploads\/2025\/07\/01\/sos-plantes-19.jpg\" decoding=\"async\" loading=\"lazy\"  \/>            <\/p>\n<p>                <img width=\"888\" height=\"500\" src=\"https:\/\/www.europesays.com\/fr\/wp-content\/uploads\/2025\/07\/sos-plantes-24-888x500.jpg\" class=\"attachment-gallery size-gallery\" alt=\"SOS Plantes-24\" data-full-url=\"https:\/\/pokaa.fr\/wp-content\/uploads\/2025\/07\/01\/sos-plantes-24.jpg\" decoding=\"async\" loading=\"lazy\"  \/>            <\/p>\n<p>                    \u00a9 Jules Scheuer \/ Pokaa<\/p>\n<p>Et forc\u00e9ment, avec un jardin comme celui-l\u00e0, une question demeure.<strong> Quelle plante est la plus exotique parmi tout ce parterre ?<\/strong> L\u00e0 encore, Patrick n\u2019h\u00e9site pas, comme s\u2019il connaissait par coeur chaque recoin de la v\u00e9g\u00e9tation qui l\u2019entoure. \u00ab <strong>J\u2019ai un oranger du Mexique. C\u2019est marrant et surtout, \u00e7a sent tr\u00e8s bon.<\/strong> Il fait des fleurs deux fois dans l\u2019ann\u00e9e. Depuis ma chambre, quand j\u2019ouvre la fen\u00eatre, je sens leur odeur. C\u2019est agr\u00e9able. \u00bb\u00a0<\/p>\n<p>Il est maintenant l\u2019heure de repartir apr\u00e8s plus d\u2019une heure pass\u00e9e dans ce d\u00e9dale v\u00e9g\u00e9talis\u00e9, <strong>avec toutes les cartes en main pour ne plus faire mourir une seule plante. De toute fa\u00e7on, en cas d\u2019urgence, Patrick sera l\u00e0 pour une mission sauvetage.<\/strong><\/p>\n<p style=\"text-align: right;\">Journaliste : Jules Scheuer<\/p>\n<p>            SOS Plantes<\/p>\n<p>            Quoi ?<br \/>\n            Lieu de sauvetage pour plantes        <\/p>\n<p>            o\u00f9 ?<br \/>\n            24 rue de la Charit\u00e9, \u00e0 Strasbourg        <\/p>\n<p>                Plus d&rsquo;infos ?<\/p>\n<p>T\u00e9l : 0619600740<\/p>\n","protected":false},"excerpt":{"rendered":"\u00c0 Strasbourg, il existe un lieu d\u00e9di\u00e9 \u00e0 la protection des plantes, une clinique o\u00f9 officie Patrick, retrait\u00e9&hellip;\n","protected":false},"author":2,"featured_media":229205,"comment_status":"","ping_status":"","sticky":false,"template":"","format":"standard","meta":{"footnotes":""},"categories":[2820],"tags":[1111,11,1777,674,1011,27,775,2894,12,4896,25,36775,640],"class_list":{"0":"post-229204","1":"post","2":"type-post","3":"status-publish","4":"format-standard","5":"has-post-thumbnail","7":"category-strasbourg","8":"tag-actu","9":"tag-actualites","10":"tag-eu","11":"tag-europe","12":"tag-fr","13":"tag-france","14":"tag-grand-est","15":"tag-neudorf","16":"tag-news","17":"tag-plantes","18":"tag-republique-francaise","19":"tag-sos-plantes","20":"tag-strasbourg"},"share_on_mastodon":{"url":"https:\/\/pubeurope.com\/@fr\/114803207256241976","error":""},"_links":{"self":[{"href":"https:\/\/www.europesays.com\/fr\/wp-json\/wp\/v2\/posts\/229204","targetHints":{"allow":["GET"]}}],"collection":[{"href":"https:\/\/www.europesays.com\/fr\/wp-json\/wp\/v2\/posts"}],"about":[{"href":"https:\/\/www.europesays.com\/fr\/wp-json\/wp\/v2\/types\/post"}],"author":[{"embeddable":true,"href":"https:\/\/www.europesays.com\/fr\/wp-json\/wp\/v2\/users\/2"}],"replies":[{"embeddable":true,"href":"https:\/\/www.europesays.com\/fr\/wp-json\/wp\/v2\/comments?post=229204"}],"version-history":[{"count":0,"href":"https:\/\/www.europesays.com\/fr\/wp-json\/wp\/v2\/posts\/229204\/revisions"}],"wp:featuredmedia":[{"embeddable":true,"href":"https:\/\/www.europesays.com\/fr\/wp-json\/wp\/v2\/media\/229205"}],"wp:attachment":[{"href":"https:\/\/www.europesays.com\/fr\/wp-json\/wp\/v2\/media?parent=229204"}],"wp:term":[{"taxonomy":"category","embeddable":true,"href":"https:\/\/www.europesays.com\/fr\/wp-json\/wp\/v2\/categories?post=229204"},{"taxonomy":"post_tag","embeddable":true,"href":"https:\/\/www.europesays.com\/fr\/wp-json\/wp\/v2\/tags?post=229204"}],"curies":[{"name":"wp","href":"https:\/\/api.w.org\/{rel}","templated":true}]}}