{"id":229206,"date":"2025-07-05T23:24:10","date_gmt":"2025-07-05T23:24:10","guid":{"rendered":"https:\/\/www.europesays.com\/fr\/229206\/"},"modified":"2025-07-05T23:24:10","modified_gmt":"2025-07-05T23:24:10","slug":"previsions-du-dimanche-6-juillet-2025-2","status":"publish","type":"post","link":"https:\/\/www.europesays.com\/fr\/229206\/","title":{"rendered":"pr\u00e9visions du dimanche 6 juillet 2025"},"content":{"rendered":"<p>\u00c0 Nice, les valeurs s&rsquo;\u00e9chelonneront entre 22\u00b0C et 31\u00b0C dans la journ\u00e9e, donnant aux habitants l&rsquo;occasion de profiter de la p\u00e9riode estivale. Un petit vent de nord-est soufflera. Le matin, le soleil sera dissimul\u00e9 derri\u00e8re des nuages. Des pluies \u00e9parses sont pr\u00e9vues. L&rsquo;apr\u00e8s-midi, un beau soleil rayonnera. Le temps va se r\u00e9chauffer avec une hausse de quelques degr\u00e9s pour un \u00e9t\u00e9 chaud. La ville va subir un passage de fortes chaleurs avec des temp\u00e9ratures qui rejoindront parfois les 31\u00b0C. Ce sera un bel \u00e9t\u00e9 : les valeurs afficheront entre 28 et 31\u00b0C. Les grosses chaleurs sont pr\u00e9sentes. Avec des temp\u00e9ratures situ\u00e9es entre 27 et 30\u00b0C. Le soir, le mercure affichera 28\u00b0C en moyenne. On pr\u00e9voit une nuit claire entre dimanche et lundi.<\/p>\n<p>Un beau soleil est attendu demain \u00e0 Nice. Une chute des temp\u00e9ratures est pr\u00e9vue. L&rsquo;\u00e9pisode d&rsquo;importantes chaleurs est bien l\u00e0, avec des valeurs qui pourront aller jusqu&rsquo;\u00e0 31\u00b0C. Les temp\u00e9ratures seront comprises entre 20 et 31\u00b0C, un temps vraiment de saison. Un vent de nord-ouest rafra\u00eechira un peu l&rsquo;atmosph\u00e8re. Dans la matin\u00e9e, les temp\u00e9ratures seront de 26\u00b0C. Demain apr\u00e8s-midi, c&rsquo;est une hausse de quelques degr\u00e9s que vont conna\u00eetre les temp\u00e9ratures pour un climat de plus en plus estival. De tr\u00e8s fortes chaleurs (entre 29\u00b0C et 31\u00b0C) sont annonc\u00e9es. La chaleur estivale sera bien au rendez-vous puisque les valeurs seront tout de m\u00eame de 29\u00b0C au minimum et de 31\u00b0C au plus haut. Les temp\u00e9ratures avoisineront les 25\u00b0C au cours de la soir\u00e9e.<\/p>\n<p>Peu d&rsquo;\u00e9volutions au fil des jours. Une m\u00e9t\u00e9o ensoleill\u00e9e, pour des temp\u00e9ratures de 25\u00b0C en moyenne, est attendue.<\/p>\n<p><\/p>\n","protected":false},"excerpt":{"rendered":"\u00c0 Nice, les valeurs s&rsquo;\u00e9chelonneront entre 22\u00b0C et 31\u00b0C dans la journ\u00e9e, donnant aux habitants l&rsquo;occasion de profiter&hellip;\n","protected":false},"author":2,"featured_media":229207,"comment_status":"","ping_status":"","sticky":false,"template":"","format":"standard","meta":{"footnotes":""},"categories":[2819],"tags":[1111,11,2898,1777,674,1011,27,12,2401,883,2119,882,25],"class_list":{"0":"post-229206","1":"post","2":"type-post","3":"status-publish","4":"format-standard","5":"has-post-thumbnail","7":"category-nice","8":"tag-actu","9":"tag-actualites","10":"tag-alpes-maritimes","11":"tag-eu","12":"tag-europe","13":"tag-fr","14":"tag-france","15":"tag-news","16":"tag-nice","17":"tag-paca","18":"tag-previsions-meteo","19":"tag-provence-alpes-cote-dazur","20":"tag-republique-francaise"},"share_on_mastodon":{"url":"https:\/\/pubeurope.com\/@fr\/114803210020922424","error":""},"_links":{"self":[{"href":"https:\/\/www.europesays.com\/fr\/wp-json\/wp\/v2\/posts\/229206","targetHints":{"allow":["GET"]}}],"collection":[{"href":"https:\/\/www.europesays.com\/fr\/wp-json\/wp\/v2\/posts"}],"about":[{"href":"https:\/\/www.europesays.com\/fr\/wp-json\/wp\/v2\/types\/post"}],"author":[{"embeddable":true,"href":"https:\/\/www.europesays.com\/fr\/wp-json\/wp\/v2\/users\/2"}],"replies":[{"embeddable":true,"href":"https:\/\/www.europesays.com\/fr\/wp-json\/wp\/v2\/comments?post=229206"}],"version-history":[{"count":0,"href":"https:\/\/www.europesays.com\/fr\/wp-json\/wp\/v2\/posts\/229206\/revisions"}],"wp:featuredmedia":[{"embeddable":true,"href":"https:\/\/www.europesays.com\/fr\/wp-json\/wp\/v2\/media\/229207"}],"wp:attachment":[{"href":"https:\/\/www.europesays.com\/fr\/wp-json\/wp\/v2\/media?parent=229206"}],"wp:term":[{"taxonomy":"category","embeddable":true,"href":"https:\/\/www.europesays.com\/fr\/wp-json\/wp\/v2\/categories?post=229206"},{"taxonomy":"post_tag","embeddable":true,"href":"https:\/\/www.europesays.com\/fr\/wp-json\/wp\/v2\/tags?post=229206"}],"curies":[{"name":"wp","href":"https:\/\/api.w.org\/{rel}","templated":true}]}}