{"id":229210,"date":"2025-07-05T23:27:09","date_gmt":"2025-07-05T23:27:09","guid":{"rendered":"https:\/\/www.europesays.com\/fr\/229210\/"},"modified":"2025-07-05T23:27:09","modified_gmt":"2025-07-05T23:27:09","slug":"previsions-du-dimanche-6-juillet-2025-3","status":"publish","type":"post","link":"https:\/\/www.europesays.com\/fr\/229210\/","title":{"rendered":"pr\u00e9visions du dimanche 6 juillet 2025"},"content":{"rendered":"<p>\u00c0 Nantes les temp\u00e9ratures seront comprises entre 15 et 26\u00b0C durant la journ\u00e9e. Un vent d&rsquo;ouest soufflera \u00e0 22 km\/h. La matin\u00e9e se d\u00e9roulera sous un ciel mitig\u00e9, rythm\u00e9e par de petites averses. Le thermom\u00e8tre affichera 19\u00b0C en moyenne. C&rsquo;est un soleil magnifique qui va se montrer l&rsquo;apr\u00e8s-midi. Un temps plus chaud est \u00e0 pr\u00e9voir puisque les temp\u00e9ratures vont enregistrer une augmentation. Les valeurs s&rsquo;\u00e9chelonneront de 23 \u00e0 26\u00b0C. Il fera environ 20\u00b0C, le soir. Un ciel pluvieux est pr\u00e9vu dans la nuit reliant dimanche et lundi.<\/p>\n<p>Encore de la grisaille demain. Les nuages vont s&rsquo;attarder sur Nantes. Une baisse des temp\u00e9ratures est attendue. Il va faire 18\u00b0C en moyenne. Un vent de nord-ouest, atteignant 20 km\/h, soufflera. Le matin, toujours des nuages dans le ciel qui emp\u00eachent le soleil d&rsquo;appara\u00eetre. Intemp\u00e9ries : on pr\u00e9voit des pluies \u00e9parses. Les temp\u00e9ratures tourneront autour des 18\u00b0C. Demain apr\u00e8s-midi, le soleil va progressivement supplanter les nuages. Les temp\u00e9ratures vont grimper de quelques degr\u00e9s. Les valeurs afficheront entre 21 et 23\u00b0C.<\/p>\n<p>La m\u00e9t\u00e9o va s&rsquo;am\u00e9liorer dans les jours qui suivent. Comptez sur 29\u00b0C en moyenne qui accompagneront des journ\u00e9es ensoleill\u00e9es.<\/p>\n<p><\/p>\n","protected":false},"excerpt":{"rendered":"\u00c0 Nantes les temp\u00e9ratures seront comprises entre 15 et 26\u00b0C durant la journ\u00e9e. Un vent d&rsquo;ouest soufflera \u00e0&hellip;\n","protected":false},"author":2,"featured_media":229211,"comment_status":"","ping_status":"","sticky":false,"template":"","format":"standard","meta":{"footnotes":""},"categories":[2818],"tags":[1111,11,1777,674,1011,27,3047,766,12,2636,2119,25],"class_list":{"0":"post-229210","1":"post","2":"type-post","3":"status-publish","4":"format-standard","5":"has-post-thumbnail","7":"category-nantes","8":"tag-actu","9":"tag-actualites","10":"tag-eu","11":"tag-europe","12":"tag-fr","13":"tag-france","14":"tag-loire-atlantique","15":"tag-nantes","16":"tag-news","17":"tag-pays-de-la-loire","18":"tag-previsions-meteo","19":"tag-republique-francaise"},"share_on_mastodon":{"url":"https:\/\/pubeurope.com\/@fr\/114803221707585481","error":""},"_links":{"self":[{"href":"https:\/\/www.europesays.com\/fr\/wp-json\/wp\/v2\/posts\/229210","targetHints":{"allow":["GET"]}}],"collection":[{"href":"https:\/\/www.europesays.com\/fr\/wp-json\/wp\/v2\/posts"}],"about":[{"href":"https:\/\/www.europesays.com\/fr\/wp-json\/wp\/v2\/types\/post"}],"author":[{"embeddable":true,"href":"https:\/\/www.europesays.com\/fr\/wp-json\/wp\/v2\/users\/2"}],"replies":[{"embeddable":true,"href":"https:\/\/www.europesays.com\/fr\/wp-json\/wp\/v2\/comments?post=229210"}],"version-history":[{"count":0,"href":"https:\/\/www.europesays.com\/fr\/wp-json\/wp\/v2\/posts\/229210\/revisions"}],"wp:featuredmedia":[{"embeddable":true,"href":"https:\/\/www.europesays.com\/fr\/wp-json\/wp\/v2\/media\/229211"}],"wp:attachment":[{"href":"https:\/\/www.europesays.com\/fr\/wp-json\/wp\/v2\/media?parent=229210"}],"wp:term":[{"taxonomy":"category","embeddable":true,"href":"https:\/\/www.europesays.com\/fr\/wp-json\/wp\/v2\/categories?post=229210"},{"taxonomy":"post_tag","embeddable":true,"href":"https:\/\/www.europesays.com\/fr\/wp-json\/wp\/v2\/tags?post=229210"}],"curies":[{"name":"wp","href":"https:\/\/api.w.org\/{rel}","templated":true}]}}