{"id":229214,"date":"2025-07-05T23:29:14","date_gmt":"2025-07-05T23:29:14","guid":{"rendered":"https:\/\/www.europesays.com\/fr\/229214\/"},"modified":"2025-07-05T23:29:14","modified_gmt":"2025-07-05T23:29:14","slug":"bordeaux-p2-chute-brutale-dalonso-contrainte-a-labandon-ustero-et-araujo-filent-en-finale","status":"publish","type":"post","link":"https:\/\/www.europesays.com\/fr\/229214\/","title":{"rendered":"Bordeaux P2 \u2013 Chute brutale d\u2019Alonso, contrainte \u00e0 l\u2019abandon : Ustero et Ara\u00fajo filent en finale"},"content":{"rendered":"<p>La seconde demi-finale du <strong>Bordeaux Premier Padel P2<\/strong> a tourn\u00e9 au cauchemar. Oppos\u00e9es \u00e0 <strong>Sof\u00eda Ara\u00fajo<\/strong> et <strong>Andrea Ustero<\/strong>, la t\u00eate de s\u00e9rie 7 <strong>Alejandra Alonso<\/strong> et <strong>Claudia Jensen<\/strong> a \u00e9t\u00e9 contrainte de jeter l\u2019\u00e9ponge \u00e0 l\u2019issue du premier set, suite \u00e0 une lourde chute d\u2019Alonso.<\/p>\n<p>Le match avait d\u00e9marr\u00e9 de mani\u00e8re d\u00e9cousue, avec plusieurs breaks et d\u00e9breaks dans les premiers jeux. \u00c0 <strong>3\/2<\/strong>, Alonso tente une <strong>sortie de piste rapide<\/strong> pour renvoyer une balle difficile\u2026 mais en sautant, elle se <strong>retourne violemment<\/strong> et chute sur le dos, <strong>percutant le poteau<\/strong> de la porte. La joueuse s\u2019effondre au sol en larmes, imm\u00e9diatement entour\u00e9e par son \u00e9quipe, les arbitres et les kin\u00e9s.<\/p>\n<p>Un long moment de silence s\u2019installe dans la salle, fig\u00e9e face \u00e0 la gravit\u00e9 apparente de la situation. Apr\u00e8s <strong>pr\u00e8s de 10 minutes d\u2019intervention m\u00e9dicale<\/strong>, contre toute attente, Alonso d\u00e9cide de <strong>reprendre le jeu<\/strong>. Mais l\u2019atmosph\u00e8re est pesante. Ni les joueuses, ni le public ne retrouvent le fil du match. La reprise est confuse, marqu\u00e9e par la prudence et une tension palpable.<\/p>\n<p>Malgr\u00e9 les efforts, <strong>Ustero et Ara\u00fajo<\/strong> parviennent \u00e0 prendre l\u2019avantage et \u00e0 <strong>empocher le premier set 6\/4<\/strong>. C\u2019est alors qu\u2019Alejandra Alonso, visiblement diminu\u00e9e, se r\u00e9sout \u00e0 <strong>abandonner d\u00e9finitivement<\/strong>. Son amis Andrea Ustero avec qui elle a partag\u00e9 pendant tr\u00e8s longtemps la piste a eu elle aussi tr\u00e8s peur et \u00e9tait tr\u00e8s \u00e9mu \u00e0 la fin du match.<\/p>\n<p><img title=\"image | Padel Magazine\" decoding=\"async\" src=\"https:\/\/www.europesays.com\/fr\/wp-content\/uploads\/2025\/07\/image-8.jpg\" alt=\"\" class=\"wp-image-263350\" style=\"width:644px;height:auto\"\/><\/p>\n<p>Le tandem Ustero \/ Ara\u00fajo se qualifie donc pour la <strong>finale<\/strong>, non sans \u00e9motion, et affrontera <strong>Carmen Goenaga et Beatriz Caldera<\/strong> dans une affiche <strong>totalement in\u00e9dite<\/strong> sur le circuit Premier Padel.<\/p>\n<p>Un match marqu\u00e9 par <strong>l\u2019\u00e9motion<\/strong>, la <strong>frustration<\/strong> et une blessure que l\u2019on esp\u00e8re sans gravit\u00e9 pour la jeune Alejandra Alonso.<\/p>\n<p><img loading=\"lazy\" decoding=\"async\" data-del=\"avatar\" alt=\"Benjamin Dupouy\" src=\"https:\/\/www.europesays.com\/fr\/wp-content\/uploads\/2025\/04\/IMG_5219-150x150.jpg\" class=\"avatar pp-user-avatar avatar-100 photo \" height=\"100\" width=\"100\"\/><\/p>\n<p>J\u2019ai d\u00e9couvert le padel directement lors d\u2019un tournoi, et franchement, je n\u2019ai pas trop accroch\u00e9 au d\u00e9but. Mais la deuxi\u00e8me fois, \u00e7a a \u00e9t\u00e9 le coup de foudre, et depuis, je ne rate plus un seul match. Je suis m\u00eame pr\u00eat \u00e0 rester \u00e9veill\u00e9 jusqu\u2019\u00e0 3h du matin pour regarder une finale de Premier Padel !<\/p>\n<p class=\"related-title\">Sur le m\u00eame sujet<\/p>\n","protected":false},"excerpt":{"rendered":"La seconde demi-finale du Bordeaux Premier Padel P2 a tourn\u00e9 au cauchemar. Oppos\u00e9es \u00e0 Sof\u00eda Ara\u00fajo et Andrea&hellip;\n","protected":false},"author":2,"featured_media":229215,"comment_status":"","ping_status":"","sticky":false,"template":"","format":"standard","meta":{"footnotes":""},"categories":[2817],"tags":[1111,11,1997,1777,674,1011,27,12,2219,30680,25],"class_list":{"0":"post-229214","1":"post","2":"type-post","3":"status-publish","4":"format-standard","5":"has-post-thumbnail","7":"category-bordeaux","8":"tag-actu","9":"tag-actualites","10":"tag-bordeaux","11":"tag-eu","12":"tag-europe","13":"tag-fr","14":"tag-france","15":"tag-news","16":"tag-nouvelle-aquitaine","17":"tag-premier-padel-bordeaux-p2","18":"tag-republique-francaise"},"share_on_mastodon":{"url":"https:\/\/pubeurope.com\/@fr\/114803229718394806","error":""},"_links":{"self":[{"href":"https:\/\/www.europesays.com\/fr\/wp-json\/wp\/v2\/posts\/229214","targetHints":{"allow":["GET"]}}],"collection":[{"href":"https:\/\/www.europesays.com\/fr\/wp-json\/wp\/v2\/posts"}],"about":[{"href":"https:\/\/www.europesays.com\/fr\/wp-json\/wp\/v2\/types\/post"}],"author":[{"embeddable":true,"href":"https:\/\/www.europesays.com\/fr\/wp-json\/wp\/v2\/users\/2"}],"replies":[{"embeddable":true,"href":"https:\/\/www.europesays.com\/fr\/wp-json\/wp\/v2\/comments?post=229214"}],"version-history":[{"count":0,"href":"https:\/\/www.europesays.com\/fr\/wp-json\/wp\/v2\/posts\/229214\/revisions"}],"wp:featuredmedia":[{"embeddable":true,"href":"https:\/\/www.europesays.com\/fr\/wp-json\/wp\/v2\/media\/229215"}],"wp:attachment":[{"href":"https:\/\/www.europesays.com\/fr\/wp-json\/wp\/v2\/media?parent=229214"}],"wp:term":[{"taxonomy":"category","embeddable":true,"href":"https:\/\/www.europesays.com\/fr\/wp-json\/wp\/v2\/categories?post=229214"},{"taxonomy":"post_tag","embeddable":true,"href":"https:\/\/www.europesays.com\/fr\/wp-json\/wp\/v2\/tags?post=229214"}],"curies":[{"name":"wp","href":"https:\/\/api.w.org\/{rel}","templated":true}]}}