{"id":229226,"date":"2025-07-05T23:35:11","date_gmt":"2025-07-05T23:35:11","guid":{"rendered":"https:\/\/www.europesays.com\/fr\/229226\/"},"modified":"2025-07-05T23:35:11","modified_gmt":"2025-07-05T23:35:11","slug":"previsions-du-dimanche-6-juillet-2025-7","status":"publish","type":"post","link":"https:\/\/www.europesays.com\/fr\/229226\/","title":{"rendered":"pr\u00e9visions du dimanche 6 juillet 2025"},"content":{"rendered":"<p>Marseille aura la chance de pouvoir profiter d&rsquo;une belle journ\u00e9e ensoleill\u00e9e. La chaleur estivale sera bien l\u00e0 puisque les temp\u00e9ratures seront tout de m\u00eame de 25\u00b0C au minimum et de 31\u00b0C au maximum. L&rsquo;\u00e9pisode de grosses chaleurs est bien l\u00e0, avec des valeurs qui pourront monter jusqu&rsquo;\u00e0 30\u00b0C le matin. Les temp\u00e9ratures seront de 29\u00b0C. La ville sera touch\u00e9e par un vent de nord-ouest de 20 km\/h. Les importantes chaleurs sont pr\u00e9sentes. Avec des temp\u00e9ratures comprises entre 27 et 31\u00b0C. Ce sera un bel \u00e9t\u00e9 : les valeurs s&rsquo;\u00e9chelonneront entre 27 et 31\u00b0C l&rsquo;apr\u00e8s-midi. Les maximales iront jusqu&rsquo;\u00e0 28\u00b0C dans la soir\u00e9e et les minimales seront de 26\u00b0C : c&rsquo;est donc un superbe \u00e9t\u00e9. Durant la nuit de dimanche \u00e0 lundi, le ciel sera limpide.<\/p>\n<p>Un beau soleil est attendu demain \u00e0 Marseille. Le mercure va descendre de quelques degr\u00e9s. Les temp\u00e9ratures afficheront entre 22 et 28\u00b0C, un temps bel et bien de saison. Un vent de nord-ouest est pr\u00e9vu : il soufflera \u00e0 37 km\/h. Les valeurs seront comprises entre 22\u00b0C et 27\u00b0C dans la matin\u00e9e, donnant aux habitants l&rsquo;occasion d&rsquo;appr\u00e9cier la saison estivale. Les temp\u00e9ratures vont conna\u00eetre une augmentation de quelques degr\u00e9s dans l&rsquo;apr\u00e8s-midi. Les touristes comme les locaux pourront enfiler sandales et chapeau. Il va faire chaud avec des temp\u00e9ratures qui s&rsquo;\u00e9chelonneront entre 27 et 28\u00b0C. Un vent de nord-ouest soufflera \u00e0 42 km\/h. L&rsquo;\u00e9t\u00e9 s&rsquo;est d\u00e9finitivement install\u00e9 puisque les valeurs iront de 24 \u00e0 26\u00b0C sur l&rsquo;ensemble de la soir\u00e9e. Un vent de nord-ouest soufflera \u00e0 45 km\/h.<\/p>\n<p>Peu d&rsquo;\u00e9volutions au fil des jours. Des temp\u00e9ratures dans les 27\u00b0C accompagneront un ciel ensoleill\u00e9.<\/p>\n<p><\/p>\n","protected":false},"excerpt":{"rendered":"Marseille aura la chance de pouvoir profiter d&rsquo;une belle journ\u00e9e ensoleill\u00e9e. La chaleur estivale sera bien l\u00e0 puisque&hellip;\n","protected":false},"author":2,"featured_media":229227,"comment_status":"","ping_status":"","sticky":false,"template":"","format":"standard","meta":{"footnotes":""},"categories":[2814],"tags":[1111,11,1777,674,1011,27,884,12,2119,882,25],"class_list":{"0":"post-229226","1":"post","2":"type-post","3":"status-publish","4":"format-standard","5":"has-post-thumbnail","7":"category-marseille","8":"tag-actu","9":"tag-actualites","10":"tag-eu","11":"tag-europe","12":"tag-fr","13":"tag-france","14":"tag-marseille","15":"tag-news","16":"tag-previsions-meteo","17":"tag-provence-alpes-cote-dazur","18":"tag-republique-francaise"},"share_on_mastodon":{"url":"https:\/\/pubeurope.com\/@fr\/114803253125132472","error":""},"_links":{"self":[{"href":"https:\/\/www.europesays.com\/fr\/wp-json\/wp\/v2\/posts\/229226","targetHints":{"allow":["GET"]}}],"collection":[{"href":"https:\/\/www.europesays.com\/fr\/wp-json\/wp\/v2\/posts"}],"about":[{"href":"https:\/\/www.europesays.com\/fr\/wp-json\/wp\/v2\/types\/post"}],"author":[{"embeddable":true,"href":"https:\/\/www.europesays.com\/fr\/wp-json\/wp\/v2\/users\/2"}],"replies":[{"embeddable":true,"href":"https:\/\/www.europesays.com\/fr\/wp-json\/wp\/v2\/comments?post=229226"}],"version-history":[{"count":0,"href":"https:\/\/www.europesays.com\/fr\/wp-json\/wp\/v2\/posts\/229226\/revisions"}],"wp:featuredmedia":[{"embeddable":true,"href":"https:\/\/www.europesays.com\/fr\/wp-json\/wp\/v2\/media\/229227"}],"wp:attachment":[{"href":"https:\/\/www.europesays.com\/fr\/wp-json\/wp\/v2\/media?parent=229226"}],"wp:term":[{"taxonomy":"category","embeddable":true,"href":"https:\/\/www.europesays.com\/fr\/wp-json\/wp\/v2\/categories?post=229226"},{"taxonomy":"post_tag","embeddable":true,"href":"https:\/\/www.europesays.com\/fr\/wp-json\/wp\/v2\/tags?post=229226"}],"curies":[{"name":"wp","href":"https:\/\/api.w.org\/{rel}","templated":true}]}}