{"id":229266,"date":"2025-07-06T00:01:14","date_gmt":"2025-07-06T00:01:14","guid":{"rendered":"https:\/\/www.europesays.com\/fr\/229266\/"},"modified":"2025-07-06T00:01:14","modified_gmt":"2025-07-06T00:01:14","slug":"zak-brown-sinquiete-dun-potentiel-transfert-de-max-verstappen-chez-mercedes","status":"publish","type":"post","link":"https:\/\/www.europesays.com\/fr\/229266\/","title":{"rendered":"Zak Brown s\u2019inqui\u00e8te d\u2019un potentiel transfert de Max Verstappen chez Mercedes"},"content":{"rendered":"<p>Zak Brown, le PDG de McLaren, estime que si Max Verstappen choisissait de partir de Red Bull pour se diriger vers Mercedes se serait un transfert \u00ab\u00a0effrayant\u00a0\u00bb.<\/p>\n<p>C\u2019est le sujet du moment dans le paddock F1, est-ce que Max Verstappen rejoindra Mercedes en 2026 ? M\u00eame si le quadruple Champion du monde est sous contrat chez Red Bull jusqu\u2019en 2028, l\u2019incertitude plane sur son avenir. George Russell, sans contrat pour 2026, a lui-m\u00eame confirm\u00e9 en Autriche que des discussions avaient lieu entre le N\u00e9erlandais et son \u00e9quipe.<\/p>\n<p>Zak Brown s\u2019est ainsi exprim\u00e9 sur ce possible transfert qui ferait sensation. \u00ab C\u2019est un peu effrayant\u00a0\u00bb, a avou\u00e9 Brown \u00e0 ESPN. \u00ab\u00a0Je pense que Mercedes est clairement sur une trajectoire ascendante, ce qui n\u2019est clairement pas le cas de Red Bull pour le moment, et Max est un talent incroyable. Donc, Max chez Mercedes, \u00e7a ferait une concurrence assez s\u00e9rieuse. \u00bb<\/p>\n<p>Toutefois, m\u00eame si Zak Brown tient en haute estime Max Verstappen, il ne sacrifiera ni Lando Norris ni Oscar Piastri pour faire venir le N\u00e9erlandais chez McLaren. En effet, le patron de l\u2019\u00e9curie britannique affirme avoir en sa possession le meilleur duo de pilotes de la grille actuellement avec les deux leaders du championnat du monde des pilotes.<\/p>\n<p>\u00ab Je ne pourrais pas \u00eatre plus satisfait de notre line-up de pilotes \u00bb, a ajout\u00e9 Brown. \u00ab Je l\u2019ai dit d\u00e8s le premier jour, je pense que nous avons le meilleur line-up de pilotes en Formule 1. Je pense qu\u2019il serait difficile, \u00e0 l\u2019heure actuelle, de contester ce fait statistique. Et en raison de leur personnalit\u00e9 et de leur talent sur et en dehors de la piste, je n\u2019\u00e9changerais nos deux pilotes contre aucun autre pilote du plateau. \u00bb\u00a0<\/p>\n","protected":false},"excerpt":{"rendered":"Zak Brown, le PDG de McLaren, estime que si Max Verstappen choisissait de partir de Red Bull pour&hellip;\n","protected":false},"author":2,"featured_media":229267,"comment_status":"","ping_status":"","sticky":false,"template":"","format":"standard","meta":{"footnotes":""},"categories":[1412],"tags":[5080,5081,1451,5083,5084,5085,5086,5087,1452,1453,1454,1455,1011,27,2236,4475,4320,5089,5090,60,5091,3030,15819],"class_list":{"0":"post-229266","1":"post","2":"type-post","3":"status-publish","4":"format-standard","5":"has-post-thumbnail","7":"category-f1","8":"tag-actualites-f1","9":"tag-actuf1","10":"tag-f1","11":"tag-f1-actu","12":"tag-f1-direct","13":"tag-f1-live","14":"tag-f1-news","15":"tag-f1news","16":"tag-formula-1","17":"tag-formula1","18":"tag-formule-1","19":"tag-formule1","20":"tag-fr","21":"tag-france","22":"tag-max-verstappen","23":"tag-mclaren","24":"tag-mercedes","25":"tag-news-f1","26":"tag-newsf1","27":"tag-sports","28":"tag-tip","29":"tag-top","30":"tag-zak-brown"},"share_on_mastodon":{"url":"https:\/\/pubeurope.com\/@fr\/114803355411166783","error":""},"_links":{"self":[{"href":"https:\/\/www.europesays.com\/fr\/wp-json\/wp\/v2\/posts\/229266","targetHints":{"allow":["GET"]}}],"collection":[{"href":"https:\/\/www.europesays.com\/fr\/wp-json\/wp\/v2\/posts"}],"about":[{"href":"https:\/\/www.europesays.com\/fr\/wp-json\/wp\/v2\/types\/post"}],"author":[{"embeddable":true,"href":"https:\/\/www.europesays.com\/fr\/wp-json\/wp\/v2\/users\/2"}],"replies":[{"embeddable":true,"href":"https:\/\/www.europesays.com\/fr\/wp-json\/wp\/v2\/comments?post=229266"}],"version-history":[{"count":0,"href":"https:\/\/www.europesays.com\/fr\/wp-json\/wp\/v2\/posts\/229266\/revisions"}],"wp:featuredmedia":[{"embeddable":true,"href":"https:\/\/www.europesays.com\/fr\/wp-json\/wp\/v2\/media\/229267"}],"wp:attachment":[{"href":"https:\/\/www.europesays.com\/fr\/wp-json\/wp\/v2\/media?parent=229266"}],"wp:term":[{"taxonomy":"category","embeddable":true,"href":"https:\/\/www.europesays.com\/fr\/wp-json\/wp\/v2\/categories?post=229266"},{"taxonomy":"post_tag","embeddable":true,"href":"https:\/\/www.europesays.com\/fr\/wp-json\/wp\/v2\/tags?post=229266"}],"curies":[{"name":"wp","href":"https:\/\/api.w.org\/{rel}","templated":true}]}}