{"id":229273,"date":"2025-07-06T00:05:10","date_gmt":"2025-07-06T00:05:10","guid":{"rendered":"https:\/\/www.europesays.com\/fr\/229273\/"},"modified":"2025-07-06T00:05:10","modified_gmt":"2025-07-06T00:05:10","slug":"quatorze-nouveaux-architectes-pretent-serment-a-pigna-dans-une-profession-en-mutation","status":"publish","type":"post","link":"https:\/\/www.europesays.com\/fr\/229273\/","title":{"rendered":"Quatorze nouveaux architectes pr\u00eatent serment \u00e0 Pigna, dans une profession en mutation"},"content":{"rendered":"<p>\t\t\t\t\t L\u2019Ordre des architectes de Corse a accueilli, fin juin, quatorze nouveaux membres. Jeunes ou moins jeunes, ces architectes ont fait leur entr\u00e9e dans la profession en pr\u00eatant serment dans l\u2019auditorium de Pigna. L\u2019Ordre avait choisi cette ann\u00e9e le village de Balagne pour y organiser sa journ\u00e9e annuelle et accueillir les nouveaux venus : \u00ab La prestation de serment, c\u2019est vraiment l\u2019entr\u00e9e dans la profession, c\u2019est d\u2019en porter le titre. Car cela correspond \u00e0 l\u2019entr\u00e9e dans l\u2019Ordre des architectes. Cette ann\u00e9e, 14 prestations de serment, c\u2019est un peu plus que l\u2019ann\u00e9e derni\u00e8re. Nous avons un peu plus de 300 architectes inscrits \u00e0 l\u2019Ordre en Corse. \u00bb commente Sylvia Ghipponi, la pr\u00e9sidente du Conseil R\u00e9gional de l\u2019Ordre des Architectes de Corse. <\/p>\n<p>Parmi ceux qui ont pr\u00eat\u00e9 serment, Am\u00e9lia Gazzo, jeune architecte originaire de Balagne : \u00ab C\u2019est un moment tr\u00e8s \u00e9mouvant. On sent qu\u2019on rentre dans le groupe, dans une grande famille. On sent qu\u2019on va \u00eatre \u00e9paul\u00e9s et accompagn\u00e9s. \u00c7a marque le d\u00e9but de notre exercice au service de l\u2019int\u00e9r\u00eat public. \u00bb \u00c0 ses c\u00f4t\u00e9s, Manon Coullet, d\u00e9j\u00e0 dans la profession depuis une dizaine d\u2019ann\u00e9es : \u00ab C\u2019est un accomplissement. \u00c7a veut dire que moi aussi, je participe. Plus il y a d\u2019inscrits, plus c\u2019est valorisant pour la profession. \u00bb <\/p>\n<p><strong>Face \u00e0 la crise de la construction, une profession qui mise sur la diversification<\/strong> <br \/>La profession d\u2019architecte cherche justement \u00e0 mettre en avant ses comp\u00e9tences face aux grands d\u00e9fis qui se posent \u00e0 elle, en particulier la crise de la construction : \u00ab La situation de la profession est difficile. Nous avons moins de constructions neuves. Nous travaillons surtout sur de la r\u00e9novation. Ce sont des projets plus longs, plus compliqu\u00e9s. Nous avons les m\u00eames honoraires pour un temps de travail multipli\u00e9 par trois ou quatre. Il faudrait revoir nos calculs d\u2019honoraires, plut\u00f4t au forfait que sur un pourcentage. Sur la r\u00e9mun\u00e9ration, en deux ans, nous avons perdu un cinqui\u00e8me de revenu chez les architectes lib\u00e9raux. Nous sommes pass\u00e9s de 55 000 euros \u00e0 45 000 euros. 10 000 euros de perte en deux ans, c\u2019est inqui\u00e9tant. Il y a une souffrance au niveau de la profession. \u00bb explique Sylvia Ghipponi. <\/p>\n<p>Pour autant, les leviers existent, et font partie des questions abord\u00e9es par les dix groupes de travail mis en place par l\u2019Ordre des architectes de Corse. Sa pr\u00e9sidente pr\u00e9cise : \u00ab On va construire moins, nous le savons, mais cela ne veut pas dire qu\u2019il y aura moins de travail. Nous n\u2019avons pas assez d\u2019architectes dans la r\u00e9novation, dans le patrimoine, dans l\u2019assistance \u00e0 ma\u00eetrise d\u2019ouvrage, ni dans la r\u00e9daction des PLU. Ce sont des domaines qu\u2019il faut davantage investir. Il faut arriver \u00e0 se diversifier et revoir notre fa\u00e7on de travailler. \u00bb <\/p>\n<p>Des arguments repris par la marraine de la promotion, l\u2019architecte Alia Bengana, qui enseigne \u00e9galement \u00e0 l\u2019\u00c9cole polytechnique f\u00e9d\u00e9rale de Lausanne en Suisse : \u00ab Ce n\u2019est pas parce que nous allons moins construire et faire moins de grands b\u00e2timents que c\u2019est moins d\u00e9sirable. Il y a plein de choses \u00e0 inventer dans la r\u00e9novation, l\u2019extension, la sur\u00e9l\u00e9vation. \u00bb L\u2019architecte souhaite surtout envoyer un message positif aux nouveaux venus : \u00ab Ce m\u00e9tier fait encore sens. Aujourd\u2019hui, par exemple, on a de plus en plus d\u2019architectes qui s\u2019impliquent dans la fabrication de mat\u00e9riaux de construction. Il faut \u00e9galement prendre parti. On a des architectes qui donnent des formations et font du transfert de comp\u00e9tences. \u00bb <\/p>\n<p><strong>L\u2019utilisation de mat\u00e9riaux locaux \u00e0 l\u2019ordre du jour des architectes<\/strong> <br \/>La journ\u00e9e annuelle organis\u00e9e par l\u2019Ordre des architectes de Corse est l\u2019occasion d\u2019\u00e9voquer de nombreux sujets li\u00e9s \u00e0 la construction. Et parmi eux, l\u2019utilisation de mat\u00e9riaux locaux. Un sujet qui revient r\u00e9guli\u00e8rement dans une soci\u00e9t\u00e9 corse en qu\u00eate d\u2019autonomie et de d\u00e9veloppement. L\u2019architecte Am\u00e9lia Gazzo pr\u00f4ne une vision de l\u2019architecture utilisant au maximum les ressources locales, comme la pierre ou encore le bois, r\u00e9cup\u00e9r\u00e9s au plus pr\u00e8s des sites de construction. Elle y voit plusieurs atouts : un plus faible bilan carbone pour le transport des mat\u00e9riaux, un ancrage culturel et patrimonial, mais aussi un int\u00e9r\u00eat \u00e9conomique : \u00ab Les fili\u00e8res locales ne sont pas encore pleinement lanc\u00e9es. Cela nous restreint dans nos choix et nos possibilit\u00e9s. Il faut que les architectes s\u2019engagent pour les d\u00e9velopper. \u00bb <\/p>\n<p>Et ce sera l\u2019un des chantiers de la rentr\u00e9e pour l\u2019Ordre, explique sa pr\u00e9sidente, Sylvia Ghipponi, qui va mener un travail sur la pierre : \u00ab Il s\u2019agit de mettre autour de la table les exploitants de carri\u00e8res, les associations de d\u00e9fense de l\u2019environnement, pour trouver un \u00e9quilibre. \u00catre d\u00e9fenseur de l\u2019environnement, ce n\u2019est pas bloquer l\u2019utilisation de mat\u00e9riaux en Corse pour aller ensuite chercher des pierres en Argentine ou en Chine, juste pour \u00eatre tranquille chez soi, sans qu\u2019une \u00e9conomie locale se d\u00e9veloppe. \u00bb La pr\u00e9sidente de l\u2019Ordre plaide pour \u00ab un \u00e9quilibre sur la notion d\u2019\u00e9chelle. Ne pas faire de grosses carri\u00e8res avec un impact sur le paysage et le voisinage, mais plut\u00f4t de petites unit\u00e9s de pr\u00e9l\u00e8vement locales. \u00bb <br \/>\u00c0 l\u2019automne prochain, l\u2019Ordre des architectes de Corse va \u00e9galement se pencher sur l\u2019utilisation de la terre crue.\n\t\t\t\t <\/p>\n","protected":false},"excerpt":{"rendered":"L\u2019Ordre des architectes de Corse a accueilli, fin juin, quatorze nouveaux membres. Jeunes ou moins jeunes, ces architectes&hellip;\n","protected":false},"author":2,"featured_media":229274,"comment_status":"","ping_status":"","sticky":false,"template":"","format":"standard","meta":{"footnotes":""},"categories":[1358],"tags":[36779,5622,36780,36781,31324,36782,36783,3734,1348,1384,1385,5621,4154,4476,2517,1386,58,59,1011,27,1116,36784,18842,36785,11850,36786],"class_list":{"0":"post-229273","1":"post","2":"type-post","3":"status-publish","4":"format-standard","5":"has-post-thumbnail","7":"category-arts-et-design","8":"tag-14-nouveaux-architectes-inscrits-a-lordre","9":"tag-ajaccio","10":"tag-alia-bengana","11":"tag-amelia-gazzo","12":"tag-architecte","13":"tag-architectes","14":"tag-architectures","15":"tag-art","16":"tag-arts","17":"tag-arts-and-design","18":"tag-arts-et-design","19":"tag-bastia","20":"tag-bois","21":"tag-construction","22":"tag-corse","23":"tag-design","24":"tag-divertissement","25":"tag-entertainment","26":"tag-fr","27":"tag-france","28":"tag-immobilier","29":"tag-materiaux-locaux","30":"tag-ordre","31":"tag-ordre-des-architectes","32":"tag-pierre","33":"tag-sylvia-ghipponi"},"share_on_mastodon":{"url":"https:\/\/pubeurope.com\/@fr\/114803371163303469","error":""},"_links":{"self":[{"href":"https:\/\/www.europesays.com\/fr\/wp-json\/wp\/v2\/posts\/229273","targetHints":{"allow":["GET"]}}],"collection":[{"href":"https:\/\/www.europesays.com\/fr\/wp-json\/wp\/v2\/posts"}],"about":[{"href":"https:\/\/www.europesays.com\/fr\/wp-json\/wp\/v2\/types\/post"}],"author":[{"embeddable":true,"href":"https:\/\/www.europesays.com\/fr\/wp-json\/wp\/v2\/users\/2"}],"replies":[{"embeddable":true,"href":"https:\/\/www.europesays.com\/fr\/wp-json\/wp\/v2\/comments?post=229273"}],"version-history":[{"count":0,"href":"https:\/\/www.europesays.com\/fr\/wp-json\/wp\/v2\/posts\/229273\/revisions"}],"wp:featuredmedia":[{"embeddable":true,"href":"https:\/\/www.europesays.com\/fr\/wp-json\/wp\/v2\/media\/229274"}],"wp:attachment":[{"href":"https:\/\/www.europesays.com\/fr\/wp-json\/wp\/v2\/media?parent=229273"}],"wp:term":[{"taxonomy":"category","embeddable":true,"href":"https:\/\/www.europesays.com\/fr\/wp-json\/wp\/v2\/categories?post=229273"},{"taxonomy":"post_tag","embeddable":true,"href":"https:\/\/www.europesays.com\/fr\/wp-json\/wp\/v2\/tags?post=229273"}],"curies":[{"name":"wp","href":"https:\/\/api.w.org\/{rel}","templated":true}]}}