{"id":229287,"date":"2025-07-06T00:15:16","date_gmt":"2025-07-06T00:15:16","guid":{"rendered":"https:\/\/www.europesays.com\/fr\/229287\/"},"modified":"2025-07-06T00:15:16","modified_gmt":"2025-07-06T00:15:16","slug":"leila-slimani-raconte-le-choc-de-son-arrivee-a-paris","status":"publish","type":"post","link":"https:\/\/www.europesays.com\/fr\/229287\/","title":{"rendered":"Le\u00efla Slimani raconte le choc de son arriv\u00e9e \u00e0 Paris"},"content":{"rendered":"<p>\u00ab\u00a0J\u2019\u00e9tais tr\u00e8s impressionn\u00e9e par leur style\u00a0: elles avaient des sacs Herv\u00e9 Chapelier, beaux et propres, portaient un joli bracelet, souvent de famille. J\u2019\u00e9tais diff\u00e9rente. J\u2019avais rapport\u00e9 du Maroc certains v\u00eatements de ma m\u00e8re et j\u2019achetais des trucs vintage. J\u2019adorais qu\u2019on me voie, alors je portais des choses excentriques\u00a0\u00bb, s\u2019est souvenue Le\u00efla Slimani\u00a0dans une interview accord\u00e9e au magazine Elle \u00e0 l\u2019occasion de la sortie de \u00ab\u00a0J\u2019emporterai le feu\u00a0\u00bb, dernier tome de sa trilogie entam\u00e9e avec \u00ab\u00a0Le pays des autres\u00a0\u00bb.<\/p>\n<p><strong>\u00c0 lire\u00a0: <a href=\"https:\/\/www.bladi.net\/leila-slimani-colonialisme-transformation-maroc,85751.html\" class=\"spip_in\" rel=\"nofollow noopener\" target=\"_blank\">Leila Slimani\u00a0: \u00ab\u00a0le colonialisme a influenc\u00e9 la transformation du Maroc\u00a0\u00bb<\/a><\/strong><\/p>\n<p>Elle a tenu \u00e0 pr\u00e9ciser que ce style \u00e9trange \u00e9tait accentu\u00e9 par son physique. \u00ab\u00a0\u00c0 l\u2019\u00e9poque, ce n\u2019\u00e9tait pas si commun de voir \u00e0 Paris une fille avec un physique maghr\u00e9bin, les sourcils \u00e9pais, les cheveux fris\u00e9s. C\u2019\u00e9tait v\u00e9cu comme une provocation. Je n\u2019ai jamais liss\u00e9 mes cheveux. Je m\u2019identifiais \u00e0 des beaut\u00e9s m\u00e9tisses, au style \u2019Black Is Beautiful\u2019\u00a0\u00bb. Une r\u00e8gle \u00e0 laquelle elle a d\u00e9rog\u00e9 lors du dernier Festival de Cannes. Elle est apparue m\u00e9connaissable lors de la mont\u00e9e des marches pour The Phoenician Scheme de Wes Anderson en arborant une coiffure radicalement diff\u00e9rente de son style habituel\u00a0: un brushing ultra-lisse, plaqu\u00e9, et subtilement crant\u00e9, qui \u00e9voquait les ic\u00f4nes hollywoodiennes des ann\u00e9es 30.<\/p>\n<p><strong>\u00c0 lire\u00a0: <a href=\"https:\/\/www.bladi.net\/leila-slimani-racistes-france-plus-peur-dire-publiquement,102871.html\" class=\"spip_in\" rel=\"nofollow noopener\" target=\"_blank\">Leila Slimani\u00a0:  les racistes en France \u00ab\u00a0n\u2019ont plus peur de le dire publiquement\u00a0\u00bb<\/a><\/strong><\/p>\n<p>La figure de Farida Khelfa a \u00e9t\u00e9 sa source d\u2019inspiration \u00e0 l\u2019\u00e9poque. \u00ab\u00a0Elle fut importante pour moi. Elle m\u2019a apais\u00e9e dans mon rapport \u00e0 la beaut\u00e9. C\u2019est une femme arabe, maghr\u00e9bine, avec un physique fort. Il tranchait avec les clich\u00e9s associ\u00e9s \u00e0 la femme orientale \u2013 lascive, aux formes g\u00e9n\u00e9reuses. Farida a un physique sec, branch\u00e9. Elle m\u2019a ouvert des perspectives\u00a0\u00bb, a avou\u00e9 Slimani.<\/p>\n","protected":false},"excerpt":{"rendered":"\u00ab\u00a0J\u2019\u00e9tais tr\u00e8s impressionn\u00e9e par leur style\u00a0: elles avaient des sacs Herv\u00e9 Chapelier, beaux et propres, portaient un joli&hellip;\n","protected":false},"author":2,"featured_media":229288,"comment_status":"","ping_status":"","sticky":false,"template":"","format":"standard","meta":{"footnotes":""},"categories":[7],"tags":[1011,27,43,40,41,39,42,44],"class_list":{"0":"post-229287","1":"post","2":"type-post","3":"status-publish","4":"format-standard","5":"has-post-thumbnail","7":"category-sciences-et-technologies","8":"tag-fr","9":"tag-france","10":"tag-science","11":"tag-science-and-technology","12":"tag-sciences","13":"tag-sciences-et-technologies","14":"tag-technologies","15":"tag-technology"},"share_on_mastodon":{"url":"https:\/\/pubeurope.com\/@fr\/114803410422587533","error":""},"_links":{"self":[{"href":"https:\/\/www.europesays.com\/fr\/wp-json\/wp\/v2\/posts\/229287","targetHints":{"allow":["GET"]}}],"collection":[{"href":"https:\/\/www.europesays.com\/fr\/wp-json\/wp\/v2\/posts"}],"about":[{"href":"https:\/\/www.europesays.com\/fr\/wp-json\/wp\/v2\/types\/post"}],"author":[{"embeddable":true,"href":"https:\/\/www.europesays.com\/fr\/wp-json\/wp\/v2\/users\/2"}],"replies":[{"embeddable":true,"href":"https:\/\/www.europesays.com\/fr\/wp-json\/wp\/v2\/comments?post=229287"}],"version-history":[{"count":0,"href":"https:\/\/www.europesays.com\/fr\/wp-json\/wp\/v2\/posts\/229287\/revisions"}],"wp:featuredmedia":[{"embeddable":true,"href":"https:\/\/www.europesays.com\/fr\/wp-json\/wp\/v2\/media\/229288"}],"wp:attachment":[{"href":"https:\/\/www.europesays.com\/fr\/wp-json\/wp\/v2\/media?parent=229287"}],"wp:term":[{"taxonomy":"category","embeddable":true,"href":"https:\/\/www.europesays.com\/fr\/wp-json\/wp\/v2\/categories?post=229287"},{"taxonomy":"post_tag","embeddable":true,"href":"https:\/\/www.europesays.com\/fr\/wp-json\/wp\/v2\/tags?post=229287"}],"curies":[{"name":"wp","href":"https:\/\/api.w.org\/{rel}","templated":true}]}}