{"id":229300,"date":"2025-07-06T00:22:53","date_gmt":"2025-07-06T00:22:53","guid":{"rendered":"https:\/\/www.europesays.com\/fr\/229300\/"},"modified":"2025-07-06T00:22:53","modified_gmt":"2025-07-06T00:22:53","slug":"nancy-lycee-claude-daunot-bac-2025-mention-tres-bien-rosy-jean-baptiste-18-ans-bac-professionnel","status":"publish","type":"post","link":"https:\/\/www.europesays.com\/fr\/229300\/","title":{"rendered":"Nancy, lyc\u00e9e Claude-Daunot | Bac 2025 Mention Tr\u00e8s Bien. Rosy Jean-Baptiste, 18 ans, bac professionnel"},"content":{"rendered":"<p>Rosy Jean-Baptiste, 18 ans, demeurant \u00e0 Nancy, a d\u00e9croch\u00e9 son bac professionnel m\u00e9tiers du commerce et de la vente option A avec mention tr\u00e8s bien. Passionn\u00e9e par l&rsquo;\u00e9v\u00e9nementiel et la communication, elle a obtenu la note de 20 en math\u00e9matiques et une moyenne g\u00e9n\u00e9rale de 16,35. Sa mati\u00e8re pr\u00e9f\u00e9r\u00e9e est la vente conseil. \u00c9mue et fi\u00e8re de son parcours, elle envisage de poursuivre ses \u00e9tudes en licence pro en commerce ou en communication. Rosy vise le m\u00e9tier de community manager. Elle pratique le sport en salle et travaille cet \u00e9t\u00e9 pour financer ses \u00e9tudes.<\/p>\n<p>\u270e R\u00e9dig\u00e9 avec l&rsquo;aide d&rsquo;outils IA et v\u00e9rifi\u00e9 par un journaliste \ud83d\udec8 En savoir plus avec la charte IA d&rsquo;Ebra.<\/p>\n","protected":false},"excerpt":{"rendered":"Rosy Jean-Baptiste, 18 ans, demeurant \u00e0 Nancy, a d\u00e9croch\u00e9 son bac professionnel m\u00e9tiers du commerce et de la&hellip;\n","protected":false},"author":2,"featured_media":229301,"comment_status":"","ping_status":"","sticky":false,"template":"","format":"standard","meta":{"footnotes":""},"categories":[9635],"tags":[1111,11,36609,1704,1057,1777,674,10961,1011,27,775,1702,1703,12,25],"class_list":{"0":"post-229300","1":"post","2":"type-post","3":"status-publish","4":"format-standard","5":"has-post-thumbnail","7":"category-nancy","8":"tag-actu","9":"tag-actualites","10":"tag-baccalaureat-mention-tres-bien","11":"tag-edition-nancy-et-agglomeration","12":"tag-education","13":"tag-eu","14":"tag-europe","15":"tag-examen-diplome","16":"tag-fr","17":"tag-france","18":"tag-grand-est","19":"tag-nancy","20":"tag-nancy-ville-54b","21":"tag-news","22":"tag-republique-francaise"},"share_on_mastodon":{"url":"https:\/\/pubeurope.com\/@fr\/114803441870705747","error":""},"_links":{"self":[{"href":"https:\/\/www.europesays.com\/fr\/wp-json\/wp\/v2\/posts\/229300","targetHints":{"allow":["GET"]}}],"collection":[{"href":"https:\/\/www.europesays.com\/fr\/wp-json\/wp\/v2\/posts"}],"about":[{"href":"https:\/\/www.europesays.com\/fr\/wp-json\/wp\/v2\/types\/post"}],"author":[{"embeddable":true,"href":"https:\/\/www.europesays.com\/fr\/wp-json\/wp\/v2\/users\/2"}],"replies":[{"embeddable":true,"href":"https:\/\/www.europesays.com\/fr\/wp-json\/wp\/v2\/comments?post=229300"}],"version-history":[{"count":0,"href":"https:\/\/www.europesays.com\/fr\/wp-json\/wp\/v2\/posts\/229300\/revisions"}],"wp:featuredmedia":[{"embeddable":true,"href":"https:\/\/www.europesays.com\/fr\/wp-json\/wp\/v2\/media\/229301"}],"wp:attachment":[{"href":"https:\/\/www.europesays.com\/fr\/wp-json\/wp\/v2\/media?parent=229300"}],"wp:term":[{"taxonomy":"category","embeddable":true,"href":"https:\/\/www.europesays.com\/fr\/wp-json\/wp\/v2\/categories?post=229300"},{"taxonomy":"post_tag","embeddable":true,"href":"https:\/\/www.europesays.com\/fr\/wp-json\/wp\/v2\/tags?post=229300"}],"curies":[{"name":"wp","href":"https:\/\/api.w.org\/{rel}","templated":true}]}}