{"id":229318,"date":"2025-07-06T00:37:10","date_gmt":"2025-07-06T00:37:10","guid":{"rendered":"https:\/\/www.europesays.com\/fr\/229318\/"},"modified":"2025-07-06T00:37:10","modified_gmt":"2025-07-06T00:37:10","slug":"cap-3000-une-brasserie-italienne-dans-le-decors","status":"publish","type":"post","link":"https:\/\/www.europesays.com\/fr\/229318\/","title":{"rendered":"Cap 3000. Une brasserie italienne dans le d\u00e9cors&#8230;"},"content":{"rendered":"<p style=\"text-align: center;\"><img decoding=\"async\" src=\"https:\/\/www.europesays.com\/fr\/wp-content\/uploads\/2025\/07\/Doppio_Malto_in.jpg\" title=\"\" alt=\"\"\/><\/p>\n<p>Avec plus de 200 couverts et une terrasse de 180 m\u00b2, l\u2019enseigne Doppio Malto d\u00e9j\u00e0 pr\u00e9sente \u00e0 Paris La D\u00e9fense, Chambray-L\u00e8s-Tours et Bordeaux-Lac ouvre \u00e0 Cap 3000.\u00a0<\/p>\n<p>Doppio Malto est la brasserie italienne qui c\u00e9l\u00e8bre l\u2019Italian way of life. L\u2019enseigne, leader de la bi\u00e8re en Italie, compte aujourd\u2019hui 50 restaurants \u00e0 travers la p\u00e9ninsule et la France. \u00c0 Cap 3000, elle d\u00e9barque avec une ambiance chaleureuse, une d\u00e9co pimpante et, surtout, une carte 100\u00a0% qui fait la part belle aux bi\u00e8res artisanales \u00e0 Iglesias, en Sardaigne. Dix huit tr\u00e8s exactement\u200b aux noms \u00e9vocateurs Bella Rossa (british strong ale \u00e0 haute fermentation), Honey IPA (IPA aromatis\u00e9e au miel), Super Chiara (lager l\u00e9g\u00e8re)&#8230; Aux plus curieux, Doppio Malto propose la formule d\u00e9gustation \u00ab\u00a0Tour des saveurs\u00a0\u00bb (plusieurs bi\u00e8res au format 15cl), id\u00e9ale pour toucher \u00e0 toutes et choisir sa pr\u00e9f\u00e9r\u00e9e du moment. \u202f<\/p>\n<p>Pour accompagner, des plats\u202f\u200b\u200bitaliens authentiques\u200b\u00a0:\u202fviande \u00e0 la braise, antipasti servis dans une vaisselle color\u00e9e, pizzas, pasta et burgers gorg\u00e9s de produits italiens, sans oublier les desserts maison, dont l\u2019incontournable Birramisu (un tiramisu revu \u00e0 la bi\u00e8re) et, bien sur, la glace \u00e0 la&#8230; bi\u00e8re. Des espaces ont \u00e9t\u00e9 pens\u00e9s pour s\u2019amuser et se d\u00e9tendre\u00a0: babyfoot, p\u00e9tanque, \u00e9checs g\u00e9ants, billard en libre-service. Une terrasse avec vue mer con\u00e7ue sp\u00e9cialement pour les \u00e9v\u00e8nements (soir\u00e9es \u00e0 th\u00e8me, ap\u00e9ros musicaux, diffusion de matches, tournois hebdomadaires).\u00a0<\/p>\n<p>Pour cr\u00e9er son identit\u00e9 visuelle unique d\u2019inspiration post-industrielle aux couleurs chaudes deux illustrateurs italiens ont \u00e9t\u00e9 sollicit\u00e9s\u00a0: Lucrezia Viperina et Francesco Poroli. A travers leur \u0153uvre, ils racontent l\u2019univers des bi\u00e8res Doppio Malto\u00a0: le soleil sarde, le m\u00e9tal des cuves de fermentation, la convivialit\u00e9 du partage. Francesco Poroli explique qu\u2019\u202f\u00ab\u00a0une bi\u00e8re n\u2019est pas qu\u2019un produit, c\u2019est le temps que l\u2019on prend \u00e0 la partager et les histoires que l\u2019on cr\u00e9e autour. Ici, il y a ce c\u00f4t\u00e9 fun, li\u00e9 \u00e0 la bi\u00e8re et \u00e0 l\u2019envie de partage, qui nous inspire.\u00a0\u00bb\u00a0<\/p>\n<p><img decoding=\"async\" src=\"https:\/\/www.europesays.com\/fr\/wp-content\/uploads\/2025\/07\/Doppio-Malto_dehors.jpg\" title=\"\" alt=\"\"\/><\/p>\n<p>Restaurant Doppio Malto<\/p>\n<p>Centre Commercial Nice CAP3000<\/p>\n<p>217 Avenue Eug\u00e8ne Donadei<\/p>\n<p>06700 Saint-Laurent-du-Var\u00a0<\/p>\n<p><\/p>\n","protected":false},"excerpt":{"rendered":"Avec plus de 200 couverts et une terrasse de 180 m\u00b2, l\u2019enseigne Doppio Malto d\u00e9j\u00e0 pr\u00e9sente \u00e0 Paris&hellip;\n","protected":false},"author":2,"featured_media":229319,"comment_status":"","ping_status":"","sticky":false,"template":"","format":"standard","meta":{"footnotes":""},"categories":[2819],"tags":[1111,47,11,1777,674,1011,27,1110,1031,12,2401,882,25],"class_list":{"0":"post-229318","1":"post","2":"type-post","3":"status-publish","4":"format-standard","5":"has-post-thumbnail","7":"category-nice","8":"tag-actu","9":"tag-actualite","10":"tag-actualites","11":"tag-eu","12":"tag-europe","13":"tag-fr","14":"tag-france","15":"tag-informations","16":"tag-magazine","17":"tag-news","18":"tag-nice","19":"tag-provence-alpes-cote-dazur","20":"tag-republique-francaise"},"share_on_mastodon":{"url":"https:\/\/pubeurope.com\/@fr\/114803497093001525","error":""},"_links":{"self":[{"href":"https:\/\/www.europesays.com\/fr\/wp-json\/wp\/v2\/posts\/229318","targetHints":{"allow":["GET"]}}],"collection":[{"href":"https:\/\/www.europesays.com\/fr\/wp-json\/wp\/v2\/posts"}],"about":[{"href":"https:\/\/www.europesays.com\/fr\/wp-json\/wp\/v2\/types\/post"}],"author":[{"embeddable":true,"href":"https:\/\/www.europesays.com\/fr\/wp-json\/wp\/v2\/users\/2"}],"replies":[{"embeddable":true,"href":"https:\/\/www.europesays.com\/fr\/wp-json\/wp\/v2\/comments?post=229318"}],"version-history":[{"count":0,"href":"https:\/\/www.europesays.com\/fr\/wp-json\/wp\/v2\/posts\/229318\/revisions"}],"wp:featuredmedia":[{"embeddable":true,"href":"https:\/\/www.europesays.com\/fr\/wp-json\/wp\/v2\/media\/229319"}],"wp:attachment":[{"href":"https:\/\/www.europesays.com\/fr\/wp-json\/wp\/v2\/media?parent=229318"}],"wp:term":[{"taxonomy":"category","embeddable":true,"href":"https:\/\/www.europesays.com\/fr\/wp-json\/wp\/v2\/categories?post=229318"},{"taxonomy":"post_tag","embeddable":true,"href":"https:\/\/www.europesays.com\/fr\/wp-json\/wp\/v2\/tags?post=229318"}],"curies":[{"name":"wp","href":"https:\/\/api.w.org\/{rel}","templated":true}]}}