{"id":229323,"date":"2025-07-06T00:43:16","date_gmt":"2025-07-06T00:43:16","guid":{"rendered":"https:\/\/www.europesays.com\/fr\/229323\/"},"modified":"2025-07-06T00:43:16","modified_gmt":"2025-07-06T00:43:16","slug":"goenaga-et-caldera-creent-la-sensation-au-bordeaux-p2-en-eliminant-fernandez-gonzalez","status":"publish","type":"post","link":"https:\/\/www.europesays.com\/fr\/229323\/","title":{"rendered":"Goenaga et Caldera cr\u00e9ent la sensation au Bordeaux P2 en \u00e9liminant Fern\u00e1ndez \/ Gonz\u00e1lez"},"content":{"rendered":"<p>La premi\u00e8re demi-finale f\u00e9minine du Bordeaux Premier Padel P2 a offert son lot de surprises. <strong>Claudia Fern\u00e1ndez<\/strong> et <strong>Bea Gonz\u00e1lez<\/strong>, t\u00eate de s\u00e9rie 3 et ultra favorites de la rencontre, ont chut\u00e9 face \u00e0 une paire inspir\u00e9e et conqu\u00e9rante : <strong>Carmen Goenaga<\/strong> et <strong>Bea Caldera<\/strong>, qui disputeront leur premi\u00e8re finale ensemble sur le circuit.<\/p>\n<p>Le match d\u00e9bute timidement du c\u00f4t\u00e9 des favorites, avec quelques <strong>fautes directes<\/strong> de Gonz\u00e1lez et Fern\u00e1ndez. En face, Caldera et Goenaga entrent vite dans leur match, bien aid\u00e9es par une Beatriz Caldera rayonnante. La joueuse espagnole <strong>d\u00e9fend chaque balle<\/strong> avec intensit\u00e9 et se montre tr\u00e8s agressive sur les smashes. \u00c0 <strong>4\/3<\/strong>, la paire surprend tout le monde en signant un break d\u00e9cisif, avant de conclure le set <strong>6\/3<\/strong> gr\u00e2ce \u00e0 leur solidit\u00e9 tactique.<\/p>\n<p><img title=\"image | Padel Magazine\" loading=\"lazy\" decoding=\"async\" width=\"918\" height=\"820\" src=\"https:\/\/www.europesays.com\/fr\/wp-content\/uploads\/2025\/07\/image-7.png.webp.webp\" alt=\"\" class=\"wp-image-263331\"\/><\/p>\n<p>Le deuxi\u00e8me set est \u00e0 sens unique. <strong>Goenaga et Caldera encha\u00eenent six jeux cons\u00e9cutifs<\/strong>, s\u2019envolant \u00e0 <strong>3\/0<\/strong> double break. En face, <strong>Claudia Fern\u00e1ndez appara\u00eet physiquement diminu\u00e9e<\/strong>. La jeune joueuse fait plusieurs fois appel au kin\u00e9 lors des changements de c\u00f4t\u00e9, visiblement touch\u00e9e au pied. Cela se ressent dans son jeu : les fautes s\u2019accumulent et les efforts pour suivre le rythme deviennent plus lourds.<\/p>\n<p>Face \u00e0 une \u00e9quipe <strong>en pleine r\u00e9ussite<\/strong>, les n\u00b03 mondiales ne parviennent jamais \u00e0 recoller au score. Goenaga et Caldera, elles, restent d\u2019une <strong>grande constance<\/strong>, sans passage \u00e0 vide, et concluent le set <strong>6\/2 <\/strong>en validant une victoire m\u00e9rit\u00e9e.<\/p>\n<p><img title=\"image | Padel Magazine\" decoding=\"async\" src=\"https:\/\/www.europesays.com\/fr\/wp-content\/uploads\/2025\/07\/image-5.png.webp.webp\" alt=\"\" class=\"wp-image-263328\"\/><\/p>\n<p>Cette demi-finale marque un tournant. Jusque-l\u00e0, <strong>Fern\u00e1ndez et Gonz\u00e1lez avaient remport\u00e9 leurs quatre confrontations directes<\/strong> avec la paire adverse cette saison. Mais cette fois, <strong>la dynamique s\u2019inverse<\/strong>. <strong>Carmen Goenaga<\/strong>, tr\u00e8s pr\u00e9coce, longtemps consid\u00e9r\u00e9e comme une p\u00e9pite en devenir, confirme enfin son potentiel au plus haut niveau. C\u2019est \u00e9galement une <strong>premi\u00e8re finale en Premier Padel pour Caldera<\/strong>, qui montre \u00e0 Bordeaux une vraie maturit\u00e9 dans le jeu.<\/p>\n<p>Demain, <strong>une finale ouverte<\/strong> les attend. Les n\u00b01 mondiales ont \u00e9t\u00e9 \u00e9limin\u00e9es, les n\u00b02 (Brea\/Triay) ont d\u00e9clar\u00e9 forfait, et d\u00e9sormais les n\u00b03 sont \u00e0 terre. <strong>Goenaga et Caldera<\/strong> affronteront soit <strong>Araujo \/ Ustero<\/strong>, soit <strong>Alonso \/ Jensen<\/strong>. Dans tous les cas, une chose est s\u00fbre : on aura droit \u00e0 <strong>une finale in\u00e9dite<\/strong> du c\u00f4t\u00e9 f\u00e9minin.<\/p>\n<p><img loading=\"lazy\" decoding=\"async\" data-del=\"avatar\" alt=\"Benjamin Dupouy\" src=\"https:\/\/www.europesays.com\/fr\/wp-content\/uploads\/2025\/07\/IMG_5219-150x150.jpg.webp.webp\" class=\"avatar pp-user-avatar avatar-100 photo \" height=\"100\" width=\"100\"\/><\/p>\n<p>J\u2019ai d\u00e9couvert le padel directement lors d\u2019un tournoi, et franchement, je n\u2019ai pas trop accroch\u00e9 au d\u00e9but. Mais la deuxi\u00e8me fois, \u00e7a a \u00e9t\u00e9 le coup de foudre, et depuis, je ne rate plus un seul match. Je suis m\u00eame pr\u00eat \u00e0 rester \u00e9veill\u00e9 jusqu\u2019\u00e0 3h du matin pour regarder une finale de Premier Padel !<\/p>\n<p class=\"related-title\">Sur le m\u00eame sujet<\/p>\n","protected":false},"excerpt":{"rendered":"La premi\u00e8re demi-finale f\u00e9minine du Bordeaux Premier Padel P2 a offert son lot de surprises. Claudia Fern\u00e1ndez et&hellip;\n","protected":false},"author":2,"featured_media":229324,"comment_status":"","ping_status":"","sticky":false,"template":"","format":"standard","meta":{"footnotes":""},"categories":[2817],"tags":[1111,11,36790,1997,36791,1777,674,1011,27,12,2219,30680,25],"class_list":{"0":"post-229323","1":"post","2":"type-post","3":"status-publish","4":"format-standard","5":"has-post-thumbnail","7":"category-bordeaux","8":"tag-actu","9":"tag-actualites","10":"tag-bea-caldera","11":"tag-bordeaux","12":"tag-carmen-goenaga","13":"tag-eu","14":"tag-europe","15":"tag-fr","16":"tag-france","17":"tag-news","18":"tag-nouvelle-aquitaine","19":"tag-premier-padel-bordeaux-p2","20":"tag-republique-francaise"},"share_on_mastodon":{"url":"https:\/\/pubeurope.com\/@fr\/114803520662334778","error":""},"_links":{"self":[{"href":"https:\/\/www.europesays.com\/fr\/wp-json\/wp\/v2\/posts\/229323","targetHints":{"allow":["GET"]}}],"collection":[{"href":"https:\/\/www.europesays.com\/fr\/wp-json\/wp\/v2\/posts"}],"about":[{"href":"https:\/\/www.europesays.com\/fr\/wp-json\/wp\/v2\/types\/post"}],"author":[{"embeddable":true,"href":"https:\/\/www.europesays.com\/fr\/wp-json\/wp\/v2\/users\/2"}],"replies":[{"embeddable":true,"href":"https:\/\/www.europesays.com\/fr\/wp-json\/wp\/v2\/comments?post=229323"}],"version-history":[{"count":0,"href":"https:\/\/www.europesays.com\/fr\/wp-json\/wp\/v2\/posts\/229323\/revisions"}],"wp:featuredmedia":[{"embeddable":true,"href":"https:\/\/www.europesays.com\/fr\/wp-json\/wp\/v2\/media\/229324"}],"wp:attachment":[{"href":"https:\/\/www.europesays.com\/fr\/wp-json\/wp\/v2\/media?parent=229323"}],"wp:term":[{"taxonomy":"category","embeddable":true,"href":"https:\/\/www.europesays.com\/fr\/wp-json\/wp\/v2\/categories?post=229323"},{"taxonomy":"post_tag","embeddable":true,"href":"https:\/\/www.europesays.com\/fr\/wp-json\/wp\/v2\/tags?post=229323"}],"curies":[{"name":"wp","href":"https:\/\/api.w.org\/{rel}","templated":true}]}}