{"id":229327,"date":"2025-07-06T00:45:13","date_gmt":"2025-07-06T00:45:13","guid":{"rendered":"https:\/\/www.europesays.com\/fr\/229327\/"},"modified":"2025-07-06T00:45:13","modified_gmt":"2025-07-06T00:45:13","slug":"championship-le-toulouse-olympique-assure-lessentiel-face-a-doncaster-rugby-a-xiii","status":"publish","type":"post","link":"https:\/\/www.europesays.com\/fr\/229327\/","title":{"rendered":"Championship &#8211; Le Toulouse Olympique assure l&rsquo;essentiel face \u00e0 Doncaster &#8211; Rugby \u00e0 XIII"},"content":{"rendered":"<p style=\"text-align: justify;\"><strong>D\u00e9localis\u00e9s sur la pelouse du stade Michel-Bendichou de Colomiers, les Toulousains se sont impos\u00e9s dans la douleur face \u00e0 Doncaster 12-6.<\/strong><\/p>\n<p class=\"p3\" style=\"text-align: justify;\">Battus la semaine derni\u00e8re en d\u00e9placement du c\u00f4t\u00e9 de Widnes, les joueurs de Sylvain Houles avaient \u00e0 coeur de se racheter et surtout de garder la place de leader au classement. D\u00e8s les premi\u00e8res minutes de la rencontre, les locaux donnaient le ton et ouvraient la marque \u00e0 la 5\u00e8me minute de jeu, Paul Ulberg interceptait une passe et filait sous les poteaux apr\u00e8s une course de 60 m\u00e8tres.<\/p>\n<p style=\"text-align: justify;\">Trop indisciplin\u00e9s, les Toulousains voyaient les Dons\u00a0revenir \u00e0 \u00e9galit\u00e9 sur une prise d\u2019intervalle pleine de d\u00e9termination de leur deuxi\u00e8me ligne Sam Smeaton. Juste avant la pause Toulouse reprenait la t\u00eate gr\u00e2ce \u00e0 une p\u00e9nalit\u00e9 d\u2019Anthony Marion (8-6).<\/p>\n<p>Le TO reste devant<\/p>\n<p style=\"text-align: justify;\">La deuxi\u00e8me mi-temps ne sera pas d\u2019un enthousiasmante d\u00e9bordant. Priv\u00e9s de nombreux cadres dont les leaders de jeu que sont Jake Shorrocks, Olly Ashall-Bott ou encore Thomas Lacans,\u00a0 les co\u00e9quipiers du capitaine Anthony Marion se contentaient de g\u00e9rer leur maigre avance au tableau d\u2019affichage, avant de planter une derni\u00e8re banderille en toute fin de rencontre. Maxime Stefani, servi au cordeau par Radean Robinson, cassait en effet la ligne d\u00e9fensive pour sceller le score de la rencontre (12-6).<\/p>\n<p class=\"p3\" style=\"text-align: justify;\">Gr\u00e2ce \u00e0 cette douzi\u00e8me victoire de la saison, le Toulouse Olympique r\u00e9cup\u00e8re seul la t\u00eate du classement avant de se d\u00e9placer samedi prochain sur la pelouse d\u2019Halifax.<\/p>\n<blockquote class=\"instagram-media\" data-instgrm-captioned=\"\" data-instgrm-permalink=\"https:\/\/www.instagram.com\/p\/DLvYOjhIRa7\/?utm_source=ig_embed&amp;utm_campaign=loading\" data-instgrm-version=\"14\" style=\" background:#FFF; border:0; border-radius:3px; box-shadow:0 0 1px 0 rgba(0,0,0,0.5),0 1px 10px 0 rgba(0,0,0,0.15); margin: 1px; max-width:500px; min-width:326px; padding:0; width:99.375%; width:-webkit-calc(100% - 2px); width:calc(100% - 2px);\">\n<\/blockquote>\n<p>        <script async src=\"\/\/www.instagram.com\/embed.js\"><\/script><\/p>\n","protected":false},"excerpt":{"rendered":"D\u00e9localis\u00e9s sur la pelouse du stade Michel-Bendichou de Colomiers, les Toulousains se sont impos\u00e9s dans la douleur face&hellip;\n","protected":false},"author":2,"featured_media":229328,"comment_status":"","ping_status":"","sticky":false,"template":"","format":"standard","meta":{"footnotes":""},"categories":[2816],"tags":[1111,11,3500,36274,1777,674,1011,27,12,2680,25,2228,2229,3249,2312,3502],"class_list":{"0":"post-229327","1":"post","2":"type-post","3":"status-publish","4":"format-standard","5":"has-post-thumbnail","7":"category-toulouse","8":"tag-actu","9":"tag-actualites","10":"tag-championship","11":"tag-doncaster","12":"tag-eu","13":"tag-europe","14":"tag-fr","15":"tag-france","16":"tag-news","17":"tag-occitanie","18":"tag-republique-francaise","19":"tag-rugby-a-xiii","20":"tag-rugby-league","21":"tag-to-xiii","22":"tag-toulouse","23":"tag-toulouse-olympique"},"share_on_mastodon":{"url":"https:\/\/pubeurope.com\/@fr\/114803528346276237","error":""},"_links":{"self":[{"href":"https:\/\/www.europesays.com\/fr\/wp-json\/wp\/v2\/posts\/229327","targetHints":{"allow":["GET"]}}],"collection":[{"href":"https:\/\/www.europesays.com\/fr\/wp-json\/wp\/v2\/posts"}],"about":[{"href":"https:\/\/www.europesays.com\/fr\/wp-json\/wp\/v2\/types\/post"}],"author":[{"embeddable":true,"href":"https:\/\/www.europesays.com\/fr\/wp-json\/wp\/v2\/users\/2"}],"replies":[{"embeddable":true,"href":"https:\/\/www.europesays.com\/fr\/wp-json\/wp\/v2\/comments?post=229327"}],"version-history":[{"count":0,"href":"https:\/\/www.europesays.com\/fr\/wp-json\/wp\/v2\/posts\/229327\/revisions"}],"wp:featuredmedia":[{"embeddable":true,"href":"https:\/\/www.europesays.com\/fr\/wp-json\/wp\/v2\/media\/229328"}],"wp:attachment":[{"href":"https:\/\/www.europesays.com\/fr\/wp-json\/wp\/v2\/media?parent=229327"}],"wp:term":[{"taxonomy":"category","embeddable":true,"href":"https:\/\/www.europesays.com\/fr\/wp-json\/wp\/v2\/categories?post=229327"},{"taxonomy":"post_tag","embeddable":true,"href":"https:\/\/www.europesays.com\/fr\/wp-json\/wp\/v2\/tags?post=229327"}],"curies":[{"name":"wp","href":"https:\/\/api.w.org\/{rel}","templated":true}]}}