{"id":229354,"date":"2025-07-06T01:02:13","date_gmt":"2025-07-06T01:02:13","guid":{"rendered":"https:\/\/www.europesays.com\/fr\/229354\/"},"modified":"2025-07-06T01:02:13","modified_gmt":"2025-07-06T01:02:13","slug":"liberte-pour-maja-%f0%9f%94%b4-info-libertaire","status":"publish","type":"post","link":"https:\/\/www.europesays.com\/fr\/229354\/","title":{"rendered":"Libert\u00e9 pour Maja\u00a0! \u2013 \ud83d\udd34 Info Libertaire"},"content":{"rendered":"<p><\/p>\n<p><a href=\"https:\/\/gsxbcjvcrdl66ycimkwra2nxzwvy2idef4twi7elojuzm5ztt5abqyid.onion\/node\/523558\" rel=\"nofollow noopener\" target=\"_blank\">de.indymedia.org<\/a> \/ jeudi 3 juillet 2025<\/p>\n<p><strong>Libert\u00e9 pour Maja\u00a0! Feu et flammes pour les partis responsables et pour le gouvernement f\u00e9d\u00e9ral\u00a0!<\/strong><\/p>\n<p>Dans la nuit du 2 au 3 juillet 2025, la villa de la section de Hambourg de la CDU* a re\u00e7u de la visite. Que ce soit \u00e0 cause la politique raciste de fermeture des fronti\u00e8res ou des mesures d\u2019aust\u00e9rit\u00e9, qui signifient la destruction du syst\u00e8me sanitaire et \u00e9ducatif. Il y a beaucoup de bonnes raisons de s\u2019opposer activement \u00e0 la politique inhumaine de la CDU et aujourd\u2019hui nous \u00e9tions ici pour Maja.<br \/>Depuis un an d\u00e9j\u00e0, Maja est d\u00e9tenu.e \u00e0 l\u2019isolement en Hongrie, subit des tortures et, depuis pr\u00e8s d\u2019un mois, se bat par une gr\u00e8ve de la faim pour \u00eatre renvoy\u00e9.e en Allemagne. Maja est encha\u00een\u00e9.e parce que Maja est antifasciste et, une fois de plus, le gouvernement f\u00e9d\u00e9ral a du sang sur les mains. L\u2019extradition ill\u00e9gale de Maja vers la Hongrie fascisto\u00efde a \u00e9t\u00e9 planifi\u00e9e et men\u00e9e en secret par la Soko Linx** et le <\/p>\n<p>cour d\u2019appel de Berlin.<\/p>\n<p>Les avocats de Maja et la Cour constitutionnelle ont \u00e9t\u00e9 d\u00e9lib\u00e9r\u00e9ment ignor\u00e9s mais pourtant le ministre des Affaires \u00e9trang\u00e8res Wadephul, membre de la CDU, ne l\u00e8ve pas le petit doigt pour ramener Maja en Allemagne, malgr\u00e9 l\u2019arr\u00eat de la Cour constitutionnelle f\u00e9d\u00e9rale, selon lequel l\u2019extradition de Maja \u00e9tait ill\u00e9gale. La CDU contribue ainsi directement au maintien de Maja dans la torture en Hongrie.<\/p>\n<p>Maya est \u00e0 l\u2019h\u00f4pital, en Hongrie, parce que son \u00e9tat de sant\u00e9 est critique. Maintenant, c\u2019est le moment d\u2019agir ! En tant que compas solidaires, nous voyons dans les actions militantes la possibilit\u00e9 de donner plus de poids aux revendications de Maja. Nous nous solidarisons avec tou.tes les antifascistes\u00a0: dans la clandestinit\u00e9, devant les tribunaux et dans la rue et appelons toutes les personnes qui se sentent proches de Maja \u00e0 agir maintenant. Maja doit \u00eatre ramen\u00e9.e \u00e0 la maison et il ne doit pas y avoir d\u2019autres extraditions.<\/p>\n<p>Nous reviendrons et nous ne nous arr\u00eaterons pas tant que Maja ne sera pas parmi nous \u00e0 nouveau ! Free Maja! Free All Antifas!<\/p>\n<p>\u00a0<\/p>\n<p>Notes d\u2019Attaque :<br \/>* Christlich Demokratische Union, Union chr\u00e9tienne d\u00e9mocrate, parti de droite, auquel appartient l\u2019actuel chancellier F. Merz.<br \/>** Un service de la police judiciaire du Land de Saxe, charg\u00e9 de la r\u00e9pression de ce qu\u2019ils appellent le \u00ab milieu extr\u00e9miste de gauche \u00bb.<\/p>\n<p><br clear=\"both\"\/><\/p>\n<p><\/p>\n<p><strong>Source:<\/strong> <a href=\"https:\/\/attaque.noblogs.org\/post\/2025\/07\/05\/hambourg-allemagne-liberte-pour-maja\/\" target=\"_blank\" rel=\"nofollow noopener\">Attaque.noblogs.org<\/a><br \/><\/p>\n","protected":false},"excerpt":{"rendered":"de.indymedia.org \/ jeudi 3 juillet 2025 Libert\u00e9 pour Maja\u00a0! Feu et flammes pour les partis responsables et pour&hellip;\n","protected":false},"author":2,"featured_media":60091,"comment_status":"","ping_status":"","sticky":false,"template":"","format":"standard","meta":{"footnotes":""},"categories":[1587],"tags":[11,672,1804,1805,1803,1777,674,1801,12,1802],"class_list":{"0":"post-229354","1":"post","2":"type-post","3":"status-publish","4":"format-standard","5":"has-post-thumbnail","7":"category-allemagne","8":"tag-actualites","9":"tag-allemagne","10":"tag-bundesrepublik-deutschland","11":"tag-de","12":"tag-deutschland","13":"tag-eu","14":"tag-europe","15":"tag-germany","16":"tag-news","17":"tag-republique-federale-dallemagne"},"share_on_mastodon":{"url":"https:\/\/pubeurope.com\/@fr\/114803595400728122","error":""},"_links":{"self":[{"href":"https:\/\/www.europesays.com\/fr\/wp-json\/wp\/v2\/posts\/229354","targetHints":{"allow":["GET"]}}],"collection":[{"href":"https:\/\/www.europesays.com\/fr\/wp-json\/wp\/v2\/posts"}],"about":[{"href":"https:\/\/www.europesays.com\/fr\/wp-json\/wp\/v2\/types\/post"}],"author":[{"embeddable":true,"href":"https:\/\/www.europesays.com\/fr\/wp-json\/wp\/v2\/users\/2"}],"replies":[{"embeddable":true,"href":"https:\/\/www.europesays.com\/fr\/wp-json\/wp\/v2\/comments?post=229354"}],"version-history":[{"count":0,"href":"https:\/\/www.europesays.com\/fr\/wp-json\/wp\/v2\/posts\/229354\/revisions"}],"wp:featuredmedia":[{"embeddable":true,"href":"https:\/\/www.europesays.com\/fr\/wp-json\/wp\/v2\/media\/60091"}],"wp:attachment":[{"href":"https:\/\/www.europesays.com\/fr\/wp-json\/wp\/v2\/media?parent=229354"}],"wp:term":[{"taxonomy":"category","embeddable":true,"href":"https:\/\/www.europesays.com\/fr\/wp-json\/wp\/v2\/categories?post=229354"},{"taxonomy":"post_tag","embeddable":true,"href":"https:\/\/www.europesays.com\/fr\/wp-json\/wp\/v2\/tags?post=229354"}],"curies":[{"name":"wp","href":"https:\/\/api.w.org\/{rel}","templated":true}]}}