{"id":22936,"date":"2025-04-13T19:40:13","date_gmt":"2025-04-13T19:40:13","guid":{"rendered":"https:\/\/www.europesays.com\/fr\/22936\/"},"modified":"2025-04-13T19:40:13","modified_gmt":"2025-04-13T19:40:13","slug":"martin-sest-surpris-a-inquieter-bagnaia-avant-de-caler-physiquement","status":"publish","type":"post","link":"https:\/\/www.europesays.com\/fr\/22936\/","title":{"rendered":"Mart\u00edn s&rsquo;est surpris \u00e0 inqui\u00e9ter Bagnaia avant de caler physiquement"},"content":{"rendered":"<p>Apr\u00e8s avoir \u00e9t\u00e9 sur la touche depuis deux mois, <a href=\"https:\/\/fr.motorsport.com\/driver\/jorge-martin\/109391\/\" target=\"_blank\" rel=\"noopener\">Jorge Mart\u00edn<\/a> s&rsquo;est rendu \u00e0 Losail avec pour objectif de tester sa condition physique, et en pr\u00e9venant que voir l&rsquo;arriv\u00e9e de la course principale <a href=\"https:\/\/fr.motorsport.com\/motogp\/news\/martin-qatar-comprendre-condition-aprilia\/10711614\/\" target=\"_blank\" rel=\"noopener\">serait d\u00e9j\u00e0 un bel accomplissement<\/a>. Pouvoir lutter, m\u00eame tr\u00e8s bri\u00e8vement, avec <a href=\"https:\/\/fr.motorsport.com\/driver\/pecco-bagnaia\/109394\/\" target=\"_blank\" rel=\"noopener\">Pecco Bagnaia<\/a> lors du sprint a donc naturellement surpass\u00e9 ses attentes.<\/p>\n<p>Mart\u00edn a d\u00e9j\u00e0 surpris en Q1, en occupant l&rsquo;une des deux places qualificatives pour la Q2 dans les premi\u00e8res minutes, avant de finalement d\u00e9gringoler dans le classement. Sa 14e place sur la grille de d\u00e9part, \u00e0 seulement 0&Prime;102 de son co\u00e9quipier <a href=\"https:\/\/fr.motorsport.com\/driver\/marco-bezzecchi\/441839\/\" target=\"_blank\" rel=\"noopener\">Marco Bezzecchi<\/a>, qui conna\u00eet nettement mieux l&rsquo;Aprilia, restait plus qu&rsquo;honorable.<\/p>\n<p>Lire aussi :<\/p>\n<p>Le champion du monde \u00e9tait 12e au d\u00e9but du sprint et il a donc pu doubler Bagnaia et m\u00eame boucler un tour devant lui. Le pilote Ducati a vite repris l&rsquo;avantage, mais le moment a n\u00e9anmoins \u00e9t\u00e9 satisfaisant pour Mart\u00edn.<\/p>\n<p>\u00ab\u00a0Je ne m&rsquo;attendais pas \u00e0 \u00e7a !\u00a0\u00bb, a-t-il reconnu. \u00ab\u00a0Je pense que ce n&rsquo;\u00e9tait pas ma v\u00e9ritable ou sa v\u00e9ritable position. Je pensais qu&rsquo;il avait des soucis, c&rsquo;est pour \u00e7a que je l&rsquo;ai doubl\u00e9. Apr\u00e8s, j&rsquo;ai vu qu&rsquo;il n&rsquo;en avait pas parce qu&rsquo;il est repass\u00e9 devant. Je me sentais bien \u00e0 ce moment de la course, j&rsquo;ai essay\u00e9 de suivre [Ai] Ogura et de remonter, jusqu&rsquo;\u00e0 ce que ma condition physique me bloque. Je n&rsquo;ai pas pu rouler plus vite.\u00a0\u00bb<\/p>\n<p>Mart\u00edn rattrap\u00e9 par la fatigue<\/p>\n<p>Peu de temps apr\u00e8s avoir \u00e9t\u00e9 doubl\u00e9 par Bagnaia, Mart\u00edn a en effet d\u00e9gringol\u00e9 dans le classement, pour conclure le sprint au 16e rang. Limit\u00e9 par son poignet gauche et une condition peu optimale, il compense depuis vendredi <a href=\"https:\/\/fr.motorsport.com\/motogp\/news\/martin-tres-incertain-course-vendredi-prometteur-losail\/10712195\/\" target=\"_blank\" rel=\"noopener\">en sollicitant \u00e9norm\u00e9ment les muscles du c\u00f4t\u00e9 droit<\/a>, ce qui m\u00e8ne \u00e0 un certain \u00e9puisement, \u00e0 cumuler \u00e0 une usure excessive du pneu, puisque l&rsquo;Espagnol manque de rep\u00e8res sur l&rsquo;Aprilia apr\u00e8s avoir \u00e9t\u00e9 priv\u00e9 de l&rsquo;essentiel de la pr\u00e9-saison.<\/p>\n<p>\u00ab\u00a0Je pense qu&rsquo;il y a un peu tout. Je ne connais pas la moto, je ne sais pas comment elle fonctionne, donc je pilote peut-\u00eatre d&rsquo;une fa\u00e7on que la moto n&rsquo;accepte pas. Je sollicite un peu plus le pneu que d&rsquo;habitude, c&rsquo;est certain. Et je sens que ma position sur la moto n&rsquo;est pas fantastique, elle n&rsquo;est pas tr\u00e8s naturelle, donc je suis tendu et apr\u00e8s je me fatigue un peu plus musculairement.\u00a0\u00bb<\/p>\n<p>   <img decoding=\"async\" draggable=\"false\" src=\"https:\/\/www.europesays.com\/fr\/wp-content\/uploads\/2025\/04\/1744573213_301_jorge-martin-aprilia-racing-te.jpg\" alt=\"Jorge Martin, Aprilia Racing Team\" width=\"1200\" height=\"800\" loading=\"lazy\"\/> <\/p>\n<p class=\"title\">Jorge Mart\u00edn<\/p>\n<p class=\"photographer\">Photo de: Mirco Lazzari GP &#8211; Getty Images<\/p>\n<p>\u00ab\u00a0Au niveau de la douleur, ce n&rsquo;est pas \u00e9norme, je peux surmonter \u00e7a. Mais j&rsquo;essaie de compenser avec tout mon c\u00f4t\u00e9 droit.\u00a0\u00bb<\/p>\n<p>\u00ab\u00a0J&rsquo;avais une forte douleur musculaire, j&rsquo;avais beaucoup de mal\u00a0\u00bb, a soulign\u00e9 Mart\u00edn, n\u00e9anmoins encourag\u00e9 par ses chronos\u00a0: \u00ab\u00a0J&rsquo;ai pu rester constant, pas tr\u00e8s rapide mais dans ces 1&rsquo;53&rsquo;4 ou 1&rsquo;53&Prime;4, ce qui est mon rythme actuel. J&rsquo;ai pu rester \u00e0 mon rythme, ce qui \u00e9tait aussi l&rsquo;objectif. Dans l&rsquo;ensemble, je suis satisfait, on a juste besoin de plus en plus de tours.\u00a0\u00bb<\/p>\n<p>Et justement, Mart\u00edn se satisfait de pouvoir r\u00e9aliser des relais de plus en plus longs, sans avoir la certitude de pouvoir encaisser les 22 tours au programme dimanche\u00a0: \u00ab\u00a0Hier, dans l&rsquo;apr\u00e8s-midi je faisais deux tours [cons\u00e9cutifs] et dans la soir\u00e9e trois. Cet apr\u00e8s-midi, je pouvais en faire quatre et maintenant, j&rsquo;en ai fait 11. C&rsquo;est s\u00fbr que ma condition progresse \u00e0 grands pas mais je suis beaucoup plus \u00e9puis\u00e9 qu&rsquo;hier.\u00a0\u00bb<\/p>\n<p>\u00ab\u00a0Je verrai comment je me l\u00e8verai demain parce que ce matin, je me suis r\u00e9veill\u00e9 avec plus de douleurs qu&rsquo;hier. Il faut qu&rsquo;on avance pas \u00e0 pas. Je pense que notre week-end est d\u00e9j\u00e0 un succ\u00e8s, en faisant tous ces tours, en comprenant la moto, faire 11 tours au Qatar c&rsquo;est bien. On doit continuer \u00e0 travailler et comprendre un peu plus la situation pour demain.\u00a0\u00bb<\/p>\n<p>Lire aussi :<\/p>\n<p>Les plus belles photos de la journ\u00e9e au GP du Qatar<\/p>\n<p>Dans cet article<\/p>\n<p>    Vincent Lalanne-Sicaud\n<\/p>\n<p>    MotoGP\n<\/p>\n<p>    Jorge Mart\u00edn\n<\/p>\n<p>    Aprilia Racing Team\n<\/p>\n<p>Soyez le premier inform\u00e9 et souscrivez aux alertes mails pour recevoir les infos en temps r\u00e9el<\/p>\n<p>    S&rsquo;abonner aux alertes de news<\/p>\n","protected":false},"excerpt":{"rendered":"Apr\u00e8s avoir \u00e9t\u00e9 sur la touche depuis deux mois, Jorge Mart\u00edn s&rsquo;est rendu \u00e0 Losail avec pour objectif&hellip;\n","protected":false},"author":2,"featured_media":22937,"comment_status":"","ping_status":"","sticky":false,"template":"","format":"standard","meta":{"footnotes":""},"categories":[1412],"tags":[3563,1451,1452,1453,1454,1455,1011,27,3596,3564,3597,1458,60],"class_list":{"0":"post-22936","1":"post","2":"type-post","3":"status-publish","4":"format-standard","5":"has-post-thumbnail","7":"category-f1","8":"tag-aprilia-racing-team","9":"tag-f1","10":"tag-formula-1","11":"tag-formula1","12":"tag-formule-1","13":"tag-formule1","14":"tag-fr","15":"tag-france","16":"tag-gp-du-qatar","17":"tag-jorge-martu00edn","18":"tag-losail-international-circuit","19":"tag-motogp","20":"tag-sports"},"share_on_mastodon":{"url":"https:\/\/pubeurope.com\/@fr\/114332357344422573","error":""},"_links":{"self":[{"href":"https:\/\/www.europesays.com\/fr\/wp-json\/wp\/v2\/posts\/22936","targetHints":{"allow":["GET"]}}],"collection":[{"href":"https:\/\/www.europesays.com\/fr\/wp-json\/wp\/v2\/posts"}],"about":[{"href":"https:\/\/www.europesays.com\/fr\/wp-json\/wp\/v2\/types\/post"}],"author":[{"embeddable":true,"href":"https:\/\/www.europesays.com\/fr\/wp-json\/wp\/v2\/users\/2"}],"replies":[{"embeddable":true,"href":"https:\/\/www.europesays.com\/fr\/wp-json\/wp\/v2\/comments?post=22936"}],"version-history":[{"count":0,"href":"https:\/\/www.europesays.com\/fr\/wp-json\/wp\/v2\/posts\/22936\/revisions"}],"wp:featuredmedia":[{"embeddable":true,"href":"https:\/\/www.europesays.com\/fr\/wp-json\/wp\/v2\/media\/22937"}],"wp:attachment":[{"href":"https:\/\/www.europesays.com\/fr\/wp-json\/wp\/v2\/media?parent=22936"}],"wp:term":[{"taxonomy":"category","embeddable":true,"href":"https:\/\/www.europesays.com\/fr\/wp-json\/wp\/v2\/categories?post=22936"},{"taxonomy":"post_tag","embeddable":true,"href":"https:\/\/www.europesays.com\/fr\/wp-json\/wp\/v2\/tags?post=22936"}],"curies":[{"name":"wp","href":"https:\/\/api.w.org\/{rel}","templated":true}]}}