{"id":229361,"date":"2025-07-06T01:06:10","date_gmt":"2025-07-06T01:06:10","guid":{"rendered":"https:\/\/www.europesays.com\/fr\/229361\/"},"modified":"2025-07-06T01:06:10","modified_gmt":"2025-07-06T01:06:10","slug":"le-milliardaire-elon-musk-annonce-creer-sa-propre-formation-politique-le-parti-de-lamerique","status":"publish","type":"post","link":"https:\/\/www.europesays.com\/fr\/229361\/","title":{"rendered":"Le milliardaire Elon Musk annonce cr\u00e9er sa propre formation politique, le \u00abparti de l&rsquo;Am\u00e9rique\u00bb"},"content":{"rendered":"<p>L\u2019ancien proche alli\u00e9 de Donald Trump s\u2019\u00e9tait brouill\u00e9 avec le pr\u00e9sident am\u00e9ricain. Il a annonc\u00e9 samedi la cr\u00e9ation de sa propre formation politique.<\/p>\n<p class=\"fig-paragraph\">Le milliardaire\u00a0<a href=\"http:\/\/www.lefigaro.fr\/international\/d-electeur-d-obama-a-fervent-soutien-de-trump-avant-la-rupture-le-parcours-politique-sinueux-d-elon-musk-20250606\" target=\"_blank\" data-fig-type=\"Article\" rel=\"noopener nofollow\" data-gtm-custom-categorie=\"navigation\" data-gtm-custom-action=\"crossclick\" data-gtm-custom-label=\"Contextuel\" data-gtm-event=\"customEventSPE\" data-fig-domain=\"LEFIGARO\">Elon Musk<\/a>, ancien proche alli\u00e9 de Donald Trump, avec qui il s&rsquo;est r\u00e9cemment brouill\u00e9, a annonc\u00e9 samedi la cr\u00e9ation de sa formation politique, le \u00abparti de l&rsquo;Am\u00e9rique\u00bb. \u00abAujourd&rsquo;hui, le parti de l&rsquo;Am\u00e9rique est cr\u00e9\u00e9 pour vous rendre votre libert\u00e9\u00bb, a \u00e9crit le patron de Tesla et Space X sur son r\u00e9seau social X.<\/p>\n<p class=\"fig-paragraph\">Vent debout contre le projet de loi budg\u00e9taire du pr\u00e9sident am\u00e9ricain, qu\u2019il accuse de creuser la dette publique, Elon Musk avait promis ces derniers jours de lancer son propre parti politique si le texte \u00e9tait adopt\u00e9.<\/p>\n<p>                                    <a class=\"fig-a11y-skip a11y-hidden\" href=\"#fig-a11y-skip-main-inarticle\"><br \/>\n        Passer la publicit\u00e9<br \/>\n    <\/a><\/p>\n<p class=\"fig-paragraph\">Originaire d\u2019Afrique du Sud, Elon Musk ne pourra pas se pr\u00e9senter \u00e0 une future \u00e9lection pr\u00e9sidentielle, les candidats devant \u00eatre n\u00e9s en territoire am\u00e9ricain. Il avait lanc\u00e9 un sondage sur cette id\u00e9e sur son r\u00e9seau social X vendredi, jour de la f\u00eate nationale am\u00e9ricaine et de la promulgation en grande pompe de la \u00abgrande et belle loi\u00bb de Donald Trump. \u00abPar un rapport de deux contre un, vous voulez un nouveau parti politique, et vous l\u2019aurez\u00a0!\u00bb, a lanc\u00e9 samedi le magnat de la tech, alors que 65 % des quelque 1,2 millions de votants ont r\u00e9pondu \u00aboui\u00bb \u00e0 la question de savoir s\u2019ils souhaitaient que le \u00abparti de l\u2019Am\u00e9rique\u00bb voie le jour.<\/p>\n<p class=\"fig-paragraph\">\u00abQuand il s\u2019agit de ruiner notre pays par le gaspillage et la corruption, nous vivons dans un syst\u00e8me \u00e0 parti unique, pas dans une d\u00e9mocratie\u00bb, a encore d\u00e9nonc\u00e9 Elon Musk.<\/p>\n<p class=\"fig-paragraph\">Ancien proche alli\u00e9 de Donald Trump, dont il a financ\u00e9 la campagne lors de l\u2019\u00e9lection pr\u00e9sidentielle en 2024, Elon Musk avait \u00e9t\u00e9 charg\u00e9 de sabrer dans les d\u00e9penses de l\u2019\u00c9tat f\u00e9d\u00e9ral avec sa commission Doge avant que les deux milliardaires ne se brouillent en mai de mani\u00e8re spectaculaire \u00e0 la face du monde.<\/p>\n","protected":false},"excerpt":{"rendered":"L\u2019ancien proche alli\u00e9 de Donald Trump s\u2019\u00e9tait brouill\u00e9 avec le pr\u00e9sident am\u00e9ricain. Il a annonc\u00e9 samedi la cr\u00e9ation&hellip;\n","protected":false},"author":2,"featured_media":229362,"comment_status":"","ping_status":"","sticky":false,"template":"","format":"standard","meta":{"footnotes":""},"categories":[2],"tags":[11,46,1011,27,12,25],"class_list":{"0":"post-229361","1":"post","2":"type-post","3":"status-publish","4":"format-standard","5":"has-post-thumbnail","7":"category-actualites","8":"tag-actualites","9":"tag-elon-musk","10":"tag-fr","11":"tag-france","12":"tag-news","13":"tag-republique-francaise"},"share_on_mastodon":{"url":"https:\/\/pubeurope.com\/@fr\/114803611049502478","error":""},"_links":{"self":[{"href":"https:\/\/www.europesays.com\/fr\/wp-json\/wp\/v2\/posts\/229361","targetHints":{"allow":["GET"]}}],"collection":[{"href":"https:\/\/www.europesays.com\/fr\/wp-json\/wp\/v2\/posts"}],"about":[{"href":"https:\/\/www.europesays.com\/fr\/wp-json\/wp\/v2\/types\/post"}],"author":[{"embeddable":true,"href":"https:\/\/www.europesays.com\/fr\/wp-json\/wp\/v2\/users\/2"}],"replies":[{"embeddable":true,"href":"https:\/\/www.europesays.com\/fr\/wp-json\/wp\/v2\/comments?post=229361"}],"version-history":[{"count":0,"href":"https:\/\/www.europesays.com\/fr\/wp-json\/wp\/v2\/posts\/229361\/revisions"}],"wp:featuredmedia":[{"embeddable":true,"href":"https:\/\/www.europesays.com\/fr\/wp-json\/wp\/v2\/media\/229362"}],"wp:attachment":[{"href":"https:\/\/www.europesays.com\/fr\/wp-json\/wp\/v2\/media?parent=229361"}],"wp:term":[{"taxonomy":"category","embeddable":true,"href":"https:\/\/www.europesays.com\/fr\/wp-json\/wp\/v2\/categories?post=229361"},{"taxonomy":"post_tag","embeddable":true,"href":"https:\/\/www.europesays.com\/fr\/wp-json\/wp\/v2\/tags?post=229361"}],"curies":[{"name":"wp","href":"https:\/\/api.w.org\/{rel}","templated":true}]}}