{"id":229365,"date":"2025-07-06T01:10:09","date_gmt":"2025-07-06T01:10:09","guid":{"rendered":"https:\/\/www.europesays.com\/fr\/229365\/"},"modified":"2025-07-06T01:10:09","modified_gmt":"2025-07-06T01:10:09","slug":"international-tests-matchs-lafrique-du-sud-solide-mais-pas-infranchissable-face-a-litalie","status":"publish","type":"post","link":"https:\/\/www.europesays.com\/fr\/229365\/","title":{"rendered":"International. Tests-matchs \u2013 L\u2019Afrique du Sud solide mais pas infranchissable face \u00e0 l\u2019Italie"},"content":{"rendered":"<p>\n                Gr\u00e2ce \u00e0 une premi\u00e8re mi-temps o\u00f9 ils ont inscrit quatre essais, les Springboks ont assez ais\u00e9ment dispos\u00e9 de l\u2019Italie ce samedi en d\u00e9but de soir\u00e9e (42-24) au Loftus Versfeld de Pretoria. Les Italiens ont r\u00e9agi en seconde p\u00e9riode.\n            <\/p>\n<p>Une semaine apr\u00e8s leur <strong><a href=\"https:\/\/www.rugbyrama.fr\/2025\/06\/28\/tests-matchs-lafrique-du-sud-colle-une-lecon-a-des-barbarians-depasses-12792557.php\" target=\"_self\" rel=\"nofollow noopener\">d\u00e9monstration face aux Barbarians britanniques (54-7)<\/a><\/strong>, les Sud-Africains ont une nouvelle fois fait parler leur potentiel offensif face aux Italiens (42-24). Gr\u00e2ce \u00e0 quatre r\u00e9alisations durant le premier acte\u00a0les hommes de Rassie Erasmus se sont rapidement mis \u00e0 l\u2019abris. Jesse Kriel, capitaine du soir en <strong><a href=\"https:\/\/www.rugbyrama.fr\/2025\/06\/27\/afrique-du-sud-un-petit-probleme-siya-kolisi-forfait-face-aux-barbarians-jesse-kriel-recupere-le-capitanat-12790232.php\" target=\"_self\" rel=\"nofollow noopener\">l\u2019absence de Siya Kolisi, bless\u00e9 au cou,<\/a><\/strong> a marqu\u00e9 le premier essai des siens (11e). Le demi de m\u00eal\u00e9e des Lions de Johannesburg, Morn\u00e9 Van den Berg, a ensuite inscrit un doubl\u00e9 (23e, 37e), avant que l\u2019ailier casqu\u00e9, Kurt-Lee Arendse, n\u2019inscrive son 26e essai en 28 s\u00e9lections avec les Springobks. \u00c0 la mi-temps, les doubles champions du monde m\u00e8nent tranquillement (28-3).<\/p>\n<p>L&rsquo;Italie gagne la seconde p\u00e9riode<\/p>\n<p>Au retour des vestiaires, Rassie Erasmus fait entrer son traditionnel\u00a0\u00ab\u00a0bomb squad\u00a0\u00bb, avec les entr\u00e9es de Ox Nche, Bongi Mbonambi, RG Snyman, Faf de Klerk, Franco Mostert, Kwagga Smith, Willie Le Roux et Vincent Koch. Un banc en 6-2 qui pourtant n\u2019a pas permis aux Sud-Africains d\u2019asseoir leur domination et de creuser d\u2019avantage l\u2019\u00e9cart puisque les Italiens r\u00e9agissent. Les hommes de Gonzalo Quesada inscrivent trois essais par l\u2019interm\u00e9diaire du troisi\u00e8me ligne\u00a0Manuel Zuliani (46e), du talonneur de Colomiers, Pablo Dimcheff (63e) et du seconde ligne Niccolo Cannone (68e). Marco Van Staden (57e) et Vincent Koch (73e) marquent les cinqui\u00e8me et sixi\u00e8me essai sud-africains. Score final\u00a0: 42-24. Mais l\u2019Italie peut se d\u00e9lecter d\u2019avoir remport\u00e9 la seconde p\u00e9riode (21-14) face aux Springboks.<\/p>\n<p>Les deux \u00e9quipes se retrouveront samedi 12\u00a0juillet pour une revanche, coup d\u2019envoi \u00e0 17h10.<\/p>\n","protected":false},"excerpt":{"rendered":"Gr\u00e2ce \u00e0 une premi\u00e8re mi-temps o\u00f9 ils ont inscrit quatre essais, les Springboks ont assez ais\u00e9ment dispos\u00e9 de&hellip;\n","protected":false},"author":2,"featured_media":229366,"comment_status":"","ping_status":"","sticky":false,"template":"","format":"standard","meta":{"footnotes":""},"categories":[1416],"tags":[1011,27,479,1468,60],"class_list":{"0":"post-229365","1":"post","2":"type-post","3":"status-publish","4":"format-standard","5":"has-post-thumbnail","7":"category-rugby","8":"tag-fr","9":"tag-france","10":"tag-rugby","11":"tag-rugby-football","12":"tag-sports"},"share_on_mastodon":{"url":"https:\/\/pubeurope.com\/@fr\/114803626652369544","error":""},"_links":{"self":[{"href":"https:\/\/www.europesays.com\/fr\/wp-json\/wp\/v2\/posts\/229365","targetHints":{"allow":["GET"]}}],"collection":[{"href":"https:\/\/www.europesays.com\/fr\/wp-json\/wp\/v2\/posts"}],"about":[{"href":"https:\/\/www.europesays.com\/fr\/wp-json\/wp\/v2\/types\/post"}],"author":[{"embeddable":true,"href":"https:\/\/www.europesays.com\/fr\/wp-json\/wp\/v2\/users\/2"}],"replies":[{"embeddable":true,"href":"https:\/\/www.europesays.com\/fr\/wp-json\/wp\/v2\/comments?post=229365"}],"version-history":[{"count":0,"href":"https:\/\/www.europesays.com\/fr\/wp-json\/wp\/v2\/posts\/229365\/revisions"}],"wp:featuredmedia":[{"embeddable":true,"href":"https:\/\/www.europesays.com\/fr\/wp-json\/wp\/v2\/media\/229366"}],"wp:attachment":[{"href":"https:\/\/www.europesays.com\/fr\/wp-json\/wp\/v2\/media?parent=229365"}],"wp:term":[{"taxonomy":"category","embeddable":true,"href":"https:\/\/www.europesays.com\/fr\/wp-json\/wp\/v2\/categories?post=229365"},{"taxonomy":"post_tag","embeddable":true,"href":"https:\/\/www.europesays.com\/fr\/wp-json\/wp\/v2\/tags?post=229365"}],"curies":[{"name":"wp","href":"https:\/\/api.w.org\/{rel}","templated":true}]}}