{"id":229379,"date":"2025-07-06T01:19:16","date_gmt":"2025-07-06T01:19:16","guid":{"rendered":"https:\/\/www.europesays.com\/fr\/229379\/"},"modified":"2025-07-06T01:19:16","modified_gmt":"2025-07-06T01:19:16","slug":"succes-de-la-halle-aux-auteurs-2025-a-valencay","status":"publish","type":"post","link":"https:\/\/www.europesays.com\/fr\/229379\/","title":{"rendered":"Succ\u00e8s de la Halle aux auteurs 2025 \u00e0 Valen\u00e7ay"},"content":{"rendered":"<p>Dimanche 29\u00a0juin 2025, sous la Halle au Bl\u00e9, s\u2019est tenue la 4e\u00a0\u00e9dition du salon du livre \u00e0 Valen\u00e7ay, La Halle aux auteurs, organis\u00e9 par l\u2019office de tourisme du Pays de Valen\u00e7ay en partenariat avec la Ville. Comme en 2024, une bonne cinquantaine d\u2019auteurs et d\u2019\u00e9diteurs \u00e9taient pr\u00e9sents\u00a0: auteurs\u00a0r\u00e9gionaux, locaux et venus de tout\u00a0l\u2019Hexagone, des auteurs ind\u00e9pendants,\u00a0etc. Il y en avait pour tous les go\u00fbts et pour tous les \u00e2ges. Malgr\u00e9 la chaleur, de nombreux visiteurs sont venus faire une visite, surtout le matin. Rendez-vous est donn\u00e9 pour la prochaine \u00e9dition en 2026, mais la date reste \u00e0 d\u00e9finir.<\/p>\n","protected":false},"excerpt":{"rendered":"Dimanche 29\u00a0juin 2025, sous la Halle au Bl\u00e9, s\u2019est tenue la 4e\u00a0\u00e9dition du salon du livre \u00e0 Valen\u00e7ay,&hellip;\n","protected":false},"author":2,"featured_media":229380,"comment_status":"","ping_status":"","sticky":false,"template":"","format":"standard","meta":{"footnotes":""},"categories":[1357],"tags":[1379,1674,58,59,1011,27,1380,1393,36800],"class_list":{"0":"post-229379","1":"post","2":"type-post","3":"status-publish","4":"format-standard","5":"has-post-thumbnail","7":"category-livres","8":"tag-books","9":"tag-communes","10":"tag-divertissement","11":"tag-entertainment","12":"tag-fr","13":"tag-france","14":"tag-livres","15":"tag-loisirs","16":"tag-valencay"},"share_on_mastodon":{"url":"https:\/\/pubeurope.com\/@fr\/114803662121734052","error":""},"_links":{"self":[{"href":"https:\/\/www.europesays.com\/fr\/wp-json\/wp\/v2\/posts\/229379","targetHints":{"allow":["GET"]}}],"collection":[{"href":"https:\/\/www.europesays.com\/fr\/wp-json\/wp\/v2\/posts"}],"about":[{"href":"https:\/\/www.europesays.com\/fr\/wp-json\/wp\/v2\/types\/post"}],"author":[{"embeddable":true,"href":"https:\/\/www.europesays.com\/fr\/wp-json\/wp\/v2\/users\/2"}],"replies":[{"embeddable":true,"href":"https:\/\/www.europesays.com\/fr\/wp-json\/wp\/v2\/comments?post=229379"}],"version-history":[{"count":0,"href":"https:\/\/www.europesays.com\/fr\/wp-json\/wp\/v2\/posts\/229379\/revisions"}],"wp:featuredmedia":[{"embeddable":true,"href":"https:\/\/www.europesays.com\/fr\/wp-json\/wp\/v2\/media\/229380"}],"wp:attachment":[{"href":"https:\/\/www.europesays.com\/fr\/wp-json\/wp\/v2\/media?parent=229379"}],"wp:term":[{"taxonomy":"category","embeddable":true,"href":"https:\/\/www.europesays.com\/fr\/wp-json\/wp\/v2\/categories?post=229379"},{"taxonomy":"post_tag","embeddable":true,"href":"https:\/\/www.europesays.com\/fr\/wp-json\/wp\/v2\/tags?post=229379"}],"curies":[{"name":"wp","href":"https:\/\/api.w.org\/{rel}","templated":true}]}}