{"id":229388,"date":"2025-07-06T01:25:14","date_gmt":"2025-07-06T01:25:14","guid":{"rendered":"https:\/\/www.europesays.com\/fr\/229388\/"},"modified":"2025-07-06T01:25:14","modified_gmt":"2025-07-06T01:25:14","slug":"ils-se-sont-dit-oui-dans-un-incroyable-mariage-au-milieu-des-festivaliers-a-garorock","status":"publish","type":"post","link":"https:\/\/www.europesays.com\/fr\/229388\/","title":{"rendered":"Ils se sont dit \u00ab\u00a0oui\u00a0\u00bb dans un incroyable mariage au milieu des festivaliers \u00e0 Garorock"},"content":{"rendered":"<p>            Par<br \/>\n        <strong><br \/>\n            <a href=\"https:\/\/actu.fr\/auteur\/jeremy-colin-actu-fr\" title=\"Consulter tous les articles de Jeremy Colin\" target=\"_blank\" rel=\"noopener\">Jeremy Colin<\/a><br \/>\n        <\/strong><\/p>\n<p>        Publi\u00e9 le<\/p>\n<p>            5 juil. 2025 \u00e0 18h44        <\/p>\n<p><b>Cl\u00e9ment, Florent et tous leurs amis ont cr\u00e9\u00e9 l\u2019attraction<\/b> ce samedi 5\u00a0juillet 2025, sur le camping de Garorock <a href=\"https:\/\/actu.fr\/le-republicain-lot-et-garonne\/\" target=\"_blank\" rel=\"noopener\">\u00e0 Marmande<\/a> (Lot-et-Garonne).<\/p>\n<p class=\" wall-content\">Devant une cinquantaine de personnes, <b>amis comme parfaits inconnus<\/b>, ils se sont dit oui dans un g\u00e9nial mariage potache au c\u0153ur <a href=\"https:\/\/actu.fr\/tag\/garorock\" target=\"_blank\" rel=\"noopener\">du festival marmandais<\/a>.<\/p>\n<p>Un mariage tout en \u00e9motions<\/p>\n<p class=\" wall-content\">Si le (faux) moine qui devait c\u00e9l\u00e9brer leur (fausse) union leur a fait faux bond, <a href=\"https:\/\/actu.fr\/nouvelle-aquitaine\/marmande_47157\/ils-arrivent-a-50-au-garorock-et-vont-organiser-un-mariage-dejante-dans-le-festival_62865121.html\" target=\"_blank\" rel=\"noopener\">le groupe d\u2019amis<\/a> originaire pour grande partie de Clermont-Ferrand, a pu compter sur la venue d\u2019un tr\u00e8s officiel et<b> tr\u00e8s auto-proclam\u00e9 maire de Garorock<\/b>.<\/p>\n<p>    <img   decoding=\"async\" loading=\"lazy\" class=\"size-large\" src=\"https:\/\/www.europesays.com\/fr\/wp-content\/uploads\/2025\/07\/9fac5bc85968683bc5bc8596867bc5v-960x640.jpg\" alt=\"Noan a \u00e9t\u00e9 le maire de Garorock le temps d'un mariage.\" width=\"960\" height=\"640\"\/><br \/>\n    Noan a \u00e9t\u00e9 le maire de Garorock le temps d\u2019un mariage. \u00a9Le R\u00e9publicain 47 \u2013 Mathieu Vich<\/p>\n<p class=\" wall-content\">Cl\u00e9ment Laval et Florent Legrand sont officiellement li\u00e9s par les liens du mariage de Garorock gr\u00e2ce au maire du festival, Noan.<\/p>\n<p class=\" wall-content\">L\u2019\u00e9motion \u00e9tait de mise \u00e0 l\u2019arriv\u00e9e du premier \u00e9poux, <b>applaudi par une cinquantaine de personnes<\/b> au cours de cette c\u00e9r\u00e9monie pas si improvis\u00e9e.<\/p>\n<p>    <img   decoding=\"async\" loading=\"lazy\" class=\"size-large\" src=\"https:\/\/www.europesays.com\/fr\/wp-content\/uploads\/2025\/07\/b0cf9f185968635cf9f18596819cf9v-960x640.jpg\" alt=\"Le couple s'est mari\u00e9 en plein milieu de Garorock.\" width=\"960\" height=\"640\"\/><br \/>\n    Le couple s\u2019est mari\u00e9 en plein milieu de Garorock. \u00a9Le R\u00e9publicain 47 \u2013 Mathieu Vich<\/p>\n<p class=\" wall-content\">Les deux amis ont jou\u00e9 jusqu\u2019au bout la com\u00e9die, <b>se sont pass\u00e9 les alliances <\/b>avant de s\u2019en aller pour une magnifique lune de miel, au c\u0153ur du camping du Garorock.<\/p>\n<p>    <img   decoding=\"async\" loading=\"lazy\" class=\"size-large\" src=\"https:\/\/www.europesays.com\/fr\/wp-content\/uploads\/2025\/07\/636e964859686676e964859684b6e9v-960x640.jpg\" alt=\"Apr\u00e8s le mariage, Laval et Legland nous ont invit\u00e9s au vin d'honneur.\" width=\"960\" height=\"640\"\/><br \/>\n    Apr\u00e8s le mariage, Laval et Legland nous ont invit\u00e9s au vin d\u2019honneur. \u00a9Le R\u00e9publicain 47 \u2013 Mathieu Vich<\/p>\n<p class=\" wall-content\">Pr\u00e9sents sur les lieux, <b>les t\u00e9moins ont \u00e9galement rendu un vibrant hommage <\/b>au jeune couple de mari\u00e9s.<\/p>\n<p class=\" wall-content\">La c\u00e9r\u00e9monie s\u2019est poursuivie avec <b>la tenue du vin d\u2019honneur<\/b> au sein du campement de ce groupe d\u2019amis, l\u2019un des plus impressionnants du festival qui compte plus d\u2019une vingtaine de tentes pour une cinquantaine de festivaliers.<\/p>\n<p>    <img   decoding=\"async\" loading=\"lazy\" class=\"size-large\" src=\"https:\/\/www.europesays.com\/fr\/wp-content\/uploads\/2025\/07\/f19c888859686269c888859680a9c8v-960x640.jpg\" alt=\"Le groupe de Clermont-Ferrand a c\u00e9l\u00e9br\u00e9 un sacr\u00e9 mariage \u00e0 Garoroc, ce samedi.\" width=\"960\" height=\"640\"\/><br \/>\n    Le groupe de Clermont-Ferrand a c\u00e9l\u00e9br\u00e9 un sacr\u00e9 mariage \u00e0 Garoroc, ce samedi. \u00a9Le R\u00e9publicain 47 \u2013 Mathieu Vich<\/p>\n<p class=\" wall-content\">Ne nous reste plus qu\u2019\u00e0 adresser <b>nos meilleurs v\u0153ux de bonheur aux jeunes mari\u00e9s <\/b>qu\u2019on attend d\u00e8s l\u2019ann\u00e9e prochaine, \u00e0 Marmande, et c\u00e9l\u00e9brer leurs noces de coton, pour Garorock 2026.<\/p>\n<p class=\" wall-content\">Avec Mathieu Vich<\/p>\n<p class=\" wall-content\">Suivez toute l\u2019actualit\u00e9 de vos villes et m\u00e9dias favoris en vous inscrivant \u00e0 <a href=\"https:\/\/moncompte.actu.fr\" title=\"D\u00e9couvez Mon Actu\" rel=\"nofollow noopener\" data-trk=\"{&quot;cta&quot;:{&quot;action&quot;:&quot;https:\\\/\\\/moncompte.actu.fr&quot;,&quot;category&quot;:&quot;mon compte&quot;,&quot;from&quot;:&quot;article footer&quot;,&quot;name&quot;:&quot;Mon actu&quot;,&quot;type&quot;:&quot;cta&quot;}}\" target=\"_blank\">Mon Actu<\/a>.<\/p>\n","protected":false},"excerpt":{"rendered":"Par Jeremy Colin Publi\u00e9 le 5 juil. 2025 \u00e0 18h44 Cl\u00e9ment, Florent et tous leurs amis ont cr\u00e9\u00e9&hellip;\n","protected":false},"author":2,"featured_media":229389,"comment_status":"","ping_status":"","sticky":false,"template":"","format":"standard","meta":{"footnotes":""},"categories":[8],"tags":[58,59,1011,27,14717,1757,1930],"class_list":{"0":"post-229388","1":"post","2":"type-post","3":"status-publish","4":"format-standard","5":"has-post-thumbnail","7":"category-divertissement","8":"tag-divertissement","9":"tag-entertainment","10":"tag-fr","11":"tag-france","12":"tag-garorock","13":"tag-insolite","14":"tag-mariage"},"share_on_mastodon":{"url":"https:\/\/pubeurope.com\/@fr\/114803685870580618","error":""},"_links":{"self":[{"href":"https:\/\/www.europesays.com\/fr\/wp-json\/wp\/v2\/posts\/229388","targetHints":{"allow":["GET"]}}],"collection":[{"href":"https:\/\/www.europesays.com\/fr\/wp-json\/wp\/v2\/posts"}],"about":[{"href":"https:\/\/www.europesays.com\/fr\/wp-json\/wp\/v2\/types\/post"}],"author":[{"embeddable":true,"href":"https:\/\/www.europesays.com\/fr\/wp-json\/wp\/v2\/users\/2"}],"replies":[{"embeddable":true,"href":"https:\/\/www.europesays.com\/fr\/wp-json\/wp\/v2\/comments?post=229388"}],"version-history":[{"count":0,"href":"https:\/\/www.europesays.com\/fr\/wp-json\/wp\/v2\/posts\/229388\/revisions"}],"wp:featuredmedia":[{"embeddable":true,"href":"https:\/\/www.europesays.com\/fr\/wp-json\/wp\/v2\/media\/229389"}],"wp:attachment":[{"href":"https:\/\/www.europesays.com\/fr\/wp-json\/wp\/v2\/media?parent=229388"}],"wp:term":[{"taxonomy":"category","embeddable":true,"href":"https:\/\/www.europesays.com\/fr\/wp-json\/wp\/v2\/categories?post=229388"},{"taxonomy":"post_tag","embeddable":true,"href":"https:\/\/www.europesays.com\/fr\/wp-json\/wp\/v2\/tags?post=229388"}],"curies":[{"name":"wp","href":"https:\/\/api.w.org\/{rel}","templated":true}]}}