{"id":229401,"date":"2025-07-06T01:33:37","date_gmt":"2025-07-06T01:33:37","guid":{"rendered":"https:\/\/www.europesays.com\/fr\/229401\/"},"modified":"2025-07-06T01:33:37","modified_gmt":"2025-07-06T01:33:37","slug":"nancy-lycee-henri-loritz-bac-2025-mention-tres-bien-alexandre-bouthier-18-ans-bac-general","status":"publish","type":"post","link":"https:\/\/www.europesays.com\/fr\/229401\/","title":{"rendered":"Nancy, lyc\u00e9e Henri-Loritz | Bac 2025 Mention Tr\u00e8s Bien. Alexandre Bouthier, 18 ans, bac g\u00e9n\u00e9ral"},"content":{"rendered":"<p>Alexandre Bouthier, 18 ans, r\u00e9sidant \u00e0 Nancy, a d\u00e9croch\u00e9 son bac g\u00e9n\u00e9ral math\u00e9matiques physique avec mention tr\u00e8s bien. Sa moyenne est de 17,63. Passionn\u00e9 par les math\u00e9matiques, il a obtenu la note de 20 en physique chimie. Alexandre s&rsquo;appr\u00eate \u00e0 int\u00e9grer une pr\u00e9pa MP2I pour devenir ing\u00e9nieur informatique. En raison d&rsquo;un emploi du temps charg\u00e9, il ne pratique aucun sport. Pour cet \u00e9t\u00e9, il envisage de prendre du repos avant de se lancer dans ses \u00e9tudes sup\u00e9rieures.<\/p>\n<p>\u270e R\u00e9dig\u00e9 avec l&rsquo;aide d&rsquo;outils IA et v\u00e9rifi\u00e9 par un journaliste \ud83d\udec8 En savoir plus avec la charte IA d&rsquo;Ebra.<\/p>\n","protected":false},"excerpt":{"rendered":"Alexandre Bouthier, 18 ans, r\u00e9sidant \u00e0 Nancy, a d\u00e9croch\u00e9 son bac g\u00e9n\u00e9ral math\u00e9matiques physique avec mention tr\u00e8s bien.&hellip;\n","protected":false},"author":2,"featured_media":229402,"comment_status":"","ping_status":"","sticky":false,"template":"","format":"standard","meta":{"footnotes":""},"categories":[9635],"tags":[1111,11,36609,1704,1057,1777,674,10961,1011,27,775,1702,1703,12,25],"class_list":{"0":"post-229401","1":"post","2":"type-post","3":"status-publish","4":"format-standard","5":"has-post-thumbnail","7":"category-nancy","8":"tag-actu","9":"tag-actualites","10":"tag-baccalaureat-mention-tres-bien","11":"tag-edition-nancy-et-agglomeration","12":"tag-education","13":"tag-eu","14":"tag-europe","15":"tag-examen-diplome","16":"tag-fr","17":"tag-france","18":"tag-grand-est","19":"tag-nancy","20":"tag-nancy-ville-54b","21":"tag-news","22":"tag-republique-francaise"},"share_on_mastodon":{"url":"https:\/\/pubeurope.com\/@fr\/114803717165930512","error":""},"_links":{"self":[{"href":"https:\/\/www.europesays.com\/fr\/wp-json\/wp\/v2\/posts\/229401","targetHints":{"allow":["GET"]}}],"collection":[{"href":"https:\/\/www.europesays.com\/fr\/wp-json\/wp\/v2\/posts"}],"about":[{"href":"https:\/\/www.europesays.com\/fr\/wp-json\/wp\/v2\/types\/post"}],"author":[{"embeddable":true,"href":"https:\/\/www.europesays.com\/fr\/wp-json\/wp\/v2\/users\/2"}],"replies":[{"embeddable":true,"href":"https:\/\/www.europesays.com\/fr\/wp-json\/wp\/v2\/comments?post=229401"}],"version-history":[{"count":0,"href":"https:\/\/www.europesays.com\/fr\/wp-json\/wp\/v2\/posts\/229401\/revisions"}],"wp:featuredmedia":[{"embeddable":true,"href":"https:\/\/www.europesays.com\/fr\/wp-json\/wp\/v2\/media\/229402"}],"wp:attachment":[{"href":"https:\/\/www.europesays.com\/fr\/wp-json\/wp\/v2\/media?parent=229401"}],"wp:term":[{"taxonomy":"category","embeddable":true,"href":"https:\/\/www.europesays.com\/fr\/wp-json\/wp\/v2\/categories?post=229401"},{"taxonomy":"post_tag","embeddable":true,"href":"https:\/\/www.europesays.com\/fr\/wp-json\/wp\/v2\/tags?post=229401"}],"curies":[{"name":"wp","href":"https:\/\/api.w.org\/{rel}","templated":true}]}}