{"id":229413,"date":"2025-07-06T01:45:28","date_gmt":"2025-07-06T01:45:28","guid":{"rendered":"https:\/\/www.europesays.com\/fr\/229413\/"},"modified":"2025-07-06T01:45:28","modified_gmt":"2025-07-06T01:45:28","slug":"illkirch-graffenstaden-un-air-de-vacances-aux-fetes-de-lill","status":"publish","type":"post","link":"https:\/\/www.europesays.com\/fr\/229413\/","title":{"rendered":"Illkirch-Graffenstaden. Un air de vacances aux F\u00eates de l\u2019Ill"},"content":{"rendered":"<p>La premi\u00e8re soir\u00e9e des F\u00eates de l\u2019Ill a b\u00e9n\u00e9fici\u00e9 d\u2019une m\u00e9t\u00e9o id\u00e9ale pour danser, s\u2019amuser et se retrouver entre amis sur le cours de l\u2019Illiade, ce vendredi 4\u00a0juillet.<\/p>\n<p>Second round ce samedi soir, avec une programmation (presque) identique \u00e0 partir de 19\u00a0heures\u00a0: des sc\u00e8nes ouvertes aux associations locales pour des d\u00e9monstrations de leurs talents des grands jeux pour tous, des buvettes et stands de restauration tenus par l\u2019association Apavig.<\/p>\n<p>\u00c0 21\u00a0heures, <a href=\"https:\/\/www.dna.fr\/culture-loisirs\/2025\/07\/02\/musique-jeux-feux-d-artifice-les-fetes-de-l-ill-sont-de-retour#:~:text=feux%2520d%2527artifice%25E2%2580%25A6-,les%2520F%25C3%25AAtes%2520de%2520l%2527Ill%2520sont%2520de%2520retour,%252C%2520danser%2520et%2520s%2527%25C3%25A9merveiller.\" target=\"_blank\" rel=\"noopener\">rendez-vous dans les jardins de l\u2019Illiade<\/a> pour le grand concert de Coldplayed, un groupe hommage \u00e0 Coldplay, dont il recr\u00e9e avec brio l\u2019univers musical et visuel.<\/p>\n<p>Le clou du spectacle sera le feu d\u2019artifice, tir\u00e9 des bords de l\u2019Ill vers 22\u00a0h\u00a030. Mais ceux qui n\u2019ont pas sommeil pourront prolonger la f\u00eate jusqu\u2019\u00e0 minuit, sur la musique distill\u00e9e par un DJ.<\/p>\n","protected":false},"excerpt":{"rendered":"La premi\u00e8re soir\u00e9e des F\u00eates de l\u2019Ill a b\u00e9n\u00e9fici\u00e9 d\u2019une m\u00e9t\u00e9o id\u00e9ale pour danser, s\u2019amuser et se retrouver&hellip;\n","protected":false},"author":2,"featured_media":229414,"comment_status":"","ping_status":"","sticky":false,"template":"","format":"standard","meta":{"footnotes":""},"categories":[2820],"tags":[1111,11,1687,2880,27337,1777,674,3326,107,1011,27,775,3088,12,25,640,3089],"class_list":{"0":"post-229413","1":"post","2":"type-post","3":"status-publish","4":"format-standard","5":"has-post-thumbnail","7":"category-strasbourg","8":"tag-actu","9":"tag-actualites","10":"tag-culture-loisirs","11":"tag-edition-strasbourg","12":"tag-estivales","13":"tag-eu","14":"tag-europe","15":"tag-fete-locale","16":"tag-fil-info","17":"tag-fr","18":"tag-france","19":"tag-grand-est","20":"tag-illkirch-graffenstaden","21":"tag-news","22":"tag-republique-francaise","23":"tag-strasbourg","24":"tag-strasbourg-sud"},"share_on_mastodon":{"url":"https:\/\/pubeurope.com\/@fr\/114803764290628041","error":""},"_links":{"self":[{"href":"https:\/\/www.europesays.com\/fr\/wp-json\/wp\/v2\/posts\/229413","targetHints":{"allow":["GET"]}}],"collection":[{"href":"https:\/\/www.europesays.com\/fr\/wp-json\/wp\/v2\/posts"}],"about":[{"href":"https:\/\/www.europesays.com\/fr\/wp-json\/wp\/v2\/types\/post"}],"author":[{"embeddable":true,"href":"https:\/\/www.europesays.com\/fr\/wp-json\/wp\/v2\/users\/2"}],"replies":[{"embeddable":true,"href":"https:\/\/www.europesays.com\/fr\/wp-json\/wp\/v2\/comments?post=229413"}],"version-history":[{"count":0,"href":"https:\/\/www.europesays.com\/fr\/wp-json\/wp\/v2\/posts\/229413\/revisions"}],"wp:featuredmedia":[{"embeddable":true,"href":"https:\/\/www.europesays.com\/fr\/wp-json\/wp\/v2\/media\/229414"}],"wp:attachment":[{"href":"https:\/\/www.europesays.com\/fr\/wp-json\/wp\/v2\/media?parent=229413"}],"wp:term":[{"taxonomy":"category","embeddable":true,"href":"https:\/\/www.europesays.com\/fr\/wp-json\/wp\/v2\/categories?post=229413"},{"taxonomy":"post_tag","embeddable":true,"href":"https:\/\/www.europesays.com\/fr\/wp-json\/wp\/v2\/tags?post=229413"}],"curies":[{"name":"wp","href":"https:\/\/api.w.org\/{rel}","templated":true}]}}