{"id":229416,"date":"2025-07-06T01:47:16","date_gmt":"2025-07-06T01:47:16","guid":{"rendered":"https:\/\/www.europesays.com\/fr\/229416\/"},"modified":"2025-07-06T01:47:16","modified_gmt":"2025-07-06T01:47:16","slug":"journee-de-limmobilier-certains-veulent-se-soustraire-aux-regles","status":"publish","type":"post","link":"https:\/\/www.europesays.com\/fr\/229416\/","title":{"rendered":"Journ\u00e9e de l\u2019immobilier : \u00ab Certains veulent se soustraire aux r\u00e8gles \u00bb"},"content":{"rendered":"<p>                    <img loading=\"lazy\" decoding=\"async\" src=\"https:\/\/www.europesays.com\/fr\/wp-content\/uploads\/2025\/07\/8e9000ad2d5f3106576887e56140d6.jpg\" class=\"img-responsive post-image\" width=\"680\" height=\"510\" alt=\"Journ\u00e9e de l'immobilier :\" title=\" Journ\u00e9e de l'immobilier : \u00ab Certains veulent se soustraire aux r\u00e8gles \u00bb\"\/><\/p>\n<p class=\"chapo\">Jeudi 26 juin, la FNAIM C\u00f4te d\u2019Azur a rassembl\u00e9 plus de 700 professionnels et partenaires de l\u2019immobilier au centre des congr\u00e8s d\u2019Antibes-Juan-les-Pins. Un record de participation.<\/p>\n<p>C\u2019est sur un ton d\u00e9cal\u00e9, avec la projection de vid\u00e9os humoristiques, pastichant le SAV d\u2019Omar et Fred, qu\u2019a d\u00e9but\u00e9 l\u2019assembl\u00e9e g\u00e9n\u00e9rale annuelle. Une fa\u00e7on originale, mais efficace, pour les deux co-pr\u00e9sidents de la FNAIM 06, <strong>Cyril Messika et William Siksik<\/strong>, de pointer les enjeux de l\u2019ann\u00e9e \u00e9coul\u00e9e. Apr\u00e8s l\u2019ouverture, tous les partenaires ont \u00e9t\u00e9 mis \u00e0 l\u2019honneur en montant sur la sc\u00e8ne de l\u2019amphith\u00e9\u00e2tre avant l\u2019intervention attendue de<strong> Lo\u00efc Cantin<\/strong>, pr\u00e9sident national de la FNAIM.\u00a0Sa d\u00e9claration forte a marqu\u00e9 les esprits\u00a0: \u00ab\u00a0 La crise de l\u2019immobilier est derri\u00e8re nous, mais celle du logement est devant\u00a0!\u00a0\u00bb<\/p>\n<p>Profession en mutation<\/p>\n<p>Un constat lucide sur une profession en mutation, entre reprise timide du march\u00e9 et tensions locatives persistantes. William Siksik et Cyril Messika ont ensuite pr\u00e9cis\u00e9 la feuille de route\u00a0: d\u00e9veloppement, accompagnement juridique et formation renforc\u00e9e. \u00ab\u00a0 Le logement est la premi\u00e8re d\u00e9pense des Fran\u00e7ais. Il est impensable de confier son bien \u00e0 une personne non form\u00e9e. \u00c0 la FNAIM, on forme titulaires de cartes (professionnelles) et collaborateurs\u00a0\u00bb, a rappel\u00e9 William Siksik. L\u2019enjeu est aussi r\u00e9glementaire. \u00ab\u00a0\u00a0Certains veulent se soustraire aux r\u00e8gles. Nous sommes l\u00e9galistes. Notre garantie professionnelle est un gage de s\u00e9curit\u00e9.\u00a0\u00bb<\/p>\n<p> <a href=\"https:\/\/www.europesays.com\/fr\/wp-content\/uploads\/2025\/07\/img_7501.jpg\" class=\"spip_doc_lien mediabox\" type=\"image\/jpeg\"><br \/>\n\t\t<img loading=\"lazy\" decoding=\"async\" src=\"https:\/\/www.europesays.com\/fr\/wp-content\/uploads\/2025\/07\/img_7501.jpg\" width=\"1024\" height=\"768\" alt=\"\"\/><\/a><\/p>\n<p>Les deux co-pr\u00e9sidents ont pastich\u00e9 le SAV d\u2019Omar et Fred pour ouvrir l\u2019assembl\u00e9e g\u00e9n\u00e9rale annuelle \u00a9MM\n<\/p>\n<p>Lire aussi &#8211; <a href=\"https:\/\/www.petitesaffiches.fr\/actualites,069\/economie,045\/fnaim-06-defendre-la-profession-et,35884.html\" rel=\"nofollow noopener\" target=\"_blank\">FNAIM 06\u00a0: \u00ab\u00a0D\u00e9fendre la profession et prot\u00e9ger les consommateurs\u00a0\u00bb<\/a>Des chiffres parlants et des avanc\u00e9es concr\u00e8tes<\/p>\n<p>\u00ab\u00a0Parmi les 600 cabinets adh\u00e9rents, seuls 13 sont encore sans locaux adapt\u00e9s, contre 44 en 2024 \u00a0\u00bb, pr\u00e9cise Cyril Messika, signe d\u2019un encadrement efficace. Le soutien aux entreprises en difficult\u00e9, avec des formations \u00e0 destination des dirigeants, a \u00e9galement \u00e9t\u00e9 soulign\u00e9. Sur la question des syndics, William Siksik r\u00e9sume\u00a0: \u00ab\u00a0Une copropri\u00e9t\u00e9 sans syndic, ce serait l\u2019anarchie.\u00a0\u00bb La FNAIM 06 a aussi pes\u00e9 sur la question de l\u2019encadrement des loyers et du permis de louer \u00e0 Nice, en s\u2019appuyant sur un dialogue constructif avec le premier adjoint<strong> Anthony Borr\u00e9<\/strong> et le retour d\u2019exp\u00e9rience de Berlin (o\u00f9 les gens ont arr\u00eat\u00e9 d\u2019investir) pour d\u00e9noncer \u00ab\u00a0 deux CERFA inutiles, une complexit\u00e9 accrue et un risque de ghetto\u00efsation\u00a0\u00bb. Face \u00e0 la mont\u00e9e de l\u2019interm\u00e9diation ill\u00e9gale et des annonces non conformes sur certaines plateformes, William Siksik a averti\u00a0: \u00ab\u00a0 Ce n\u2019est pas qu\u2019on est mauvais, c\u2019est que certains veulent fuir le cadre l\u00e9gal. \u00a0\u00bb Il a donc appel\u00e9 \u00e0 la vigilance sur le respect des r\u00e8gles du m\u00e9tier.<\/p>\n<p><strong>Un syndicat plus fort, plus formateur, plus pr\u00e9sent<\/strong><br class=\"autobr\"\/><br \/>\nLa FNAIM 06 continue de d\u00e9ployer des initiatives p\u00e9dagogiques et juridiques\u00a0: avec des capsules vid\u00e9os comme \u00ab\u00a0La question de l\u2019adh\u00e9rent\u00a0\u00bb, des partenariats avec les notaires, la CCI et la Commission transaction. Selon William Siksik\u00a0: \u00ab\u00a0Plus c\u2019est complexe, plus on a besoin d\u2019interm\u00e9diation.\u00a0\u00bb La profession entend bien rester un pilier du logement sur la C\u00f4te d\u2019Azur. Cette \u00e9dition avait une port\u00e9e symbolique, marquant les 100 ans de la FNAIM.\u00a0L\u2019occasion pour ses dirigeants de rappeler \u00ab\u00a0 leur volont\u00e9 de placer le logement au c\u0153ur des prochaines municipales\u00a0\u00bb. La journ\u00e9e s\u2019est conclue par une soir\u00e9e conviviale en bord de plage \u00e0 Golfe-Juan.<\/p>\n<p> <a href=\"https:\/\/www.europesays.com\/fr\/wp-content\/uploads\/2025\/07\/img_7506.jpg\" class=\"spip_doc_lien mediabox\" type=\"image\/jpeg\"><br \/>\n\t\t<img loading=\"lazy\" decoding=\"async\" src=\"https:\/\/www.europesays.com\/fr\/wp-content\/uploads\/2025\/07\/img_7506.jpg\" width=\"1024\" height=\"768\" alt=\"\"\/><\/a><\/p>\n<p>700 professionnels et partenaires de l\u2019immobilier au centre des congr\u00e8s d\u2019Antibes-Juan-les-Pins. Un record de participation. \u00a9MM\n<\/p>\n<p>Photo de Une\u00a0: William Siksik \u00a9MM<\/p>\n","protected":false},"excerpt":{"rendered":"Jeudi 26 juin, la FNAIM C\u00f4te d\u2019Azur a rassembl\u00e9 plus de 700 professionnels et partenaires de l\u2019immobilier au&hellip;\n","protected":false},"author":2,"featured_media":229417,"comment_status":"","ping_status":"","sticky":false,"template":"","format":"standard","meta":{"footnotes":""},"categories":[2819],"tags":[1111,11,2408,1777,674,1011,27,12,2401,882,25],"class_list":{"0":"post-229416","1":"post","2":"type-post","3":"status-publish","4":"format-standard","5":"has-post-thumbnail","7":"category-nice","8":"tag-actu","9":"tag-actualites","10":"tag-appels-d","11":"tag-eu","12":"tag-europe","13":"tag-fr","14":"tag-france","15":"tag-news","16":"tag-nice","17":"tag-provence-alpes-cote-dazur","18":"tag-republique-francaise"},"share_on_mastodon":{"url":"https:\/\/pubeurope.com\/@fr\/114803772312030629","error":""},"_links":{"self":[{"href":"https:\/\/www.europesays.com\/fr\/wp-json\/wp\/v2\/posts\/229416","targetHints":{"allow":["GET"]}}],"collection":[{"href":"https:\/\/www.europesays.com\/fr\/wp-json\/wp\/v2\/posts"}],"about":[{"href":"https:\/\/www.europesays.com\/fr\/wp-json\/wp\/v2\/types\/post"}],"author":[{"embeddable":true,"href":"https:\/\/www.europesays.com\/fr\/wp-json\/wp\/v2\/users\/2"}],"replies":[{"embeddable":true,"href":"https:\/\/www.europesays.com\/fr\/wp-json\/wp\/v2\/comments?post=229416"}],"version-history":[{"count":0,"href":"https:\/\/www.europesays.com\/fr\/wp-json\/wp\/v2\/posts\/229416\/revisions"}],"wp:featuredmedia":[{"embeddable":true,"href":"https:\/\/www.europesays.com\/fr\/wp-json\/wp\/v2\/media\/229417"}],"wp:attachment":[{"href":"https:\/\/www.europesays.com\/fr\/wp-json\/wp\/v2\/media?parent=229416"}],"wp:term":[{"taxonomy":"category","embeddable":true,"href":"https:\/\/www.europesays.com\/fr\/wp-json\/wp\/v2\/categories?post=229416"},{"taxonomy":"post_tag","embeddable":true,"href":"https:\/\/www.europesays.com\/fr\/wp-json\/wp\/v2\/tags?post=229416"}],"curies":[{"name":"wp","href":"https:\/\/api.w.org\/{rel}","templated":true}]}}