{"id":229420,"date":"2025-07-06T01:50:48","date_gmt":"2025-07-06T01:50:48","guid":{"rendered":"https:\/\/www.europesays.com\/fr\/229420\/"},"modified":"2025-07-06T01:50:48","modified_gmt":"2025-07-06T01:50:48","slug":"handball-cesson-rennes-le-derby-face-a-nantes-en-juin-decouvrez-le-calendrier-de-la-saison","status":"publish","type":"post","link":"https:\/\/www.europesays.com\/fr\/229420\/","title":{"rendered":"Handball. Cesson Rennes\u00a0: le derby face \u00e0 Nantes en juin\u2026 D\u00e9couvrez le calendrier de la saison"},"content":{"rendered":"<p>On en sait un peu plus sur ce qui attend Cesson Rennes la saison prochaine\u00a0! La Ligue nationale de hanbdall a d\u00e9voil\u00e9 ce vendredi 4\u00a0juillet le calendrier de Starligue pour la saison 2025-2026.<\/p>\n<p><strong>Lire aussi\u00a0:<\/strong> <a href=\"https:\/\/rennes.maville.com\/sport\/detail_-handball.-cesson-rennes-un-retour-le-21-juillet-cinq-amicaux...-le-programme-de-l-ete-devoile-_7-6856304_actu.Htm\" target=\"_self\" rel=\"noopener\">un retour le 21\u00a0juillet, cinq amicaux\u2026 Le programme de l\u2019\u00e9t\u00e9 d\u00e9voil\u00e9<\/a><\/p>\n<p>La saison commencera d\u00e9but septembre par la r\u00e9ception de Saint-Rapha\u00ebl, tandis que le premier d\u00e9placement aura lieu la semaine suivante \u00e0 S\u00e9lestat, promu en Starligue. Si Cesson recevra Montpellier le 3, 4 ou 5\u00a0octobre, les gros matches \u00e0 la Glaz Arena seront concentr\u00e9s sur la phase retour avec les r\u00e9ceptions de Paris (24-26 avril) et Nantes (2-3 juin). Le premier derby de la saison aura, lui, lieu \u00e0 Nantes le 12 ou 13\u00a0d\u00e9cembre.<\/p>\n<p>Pour les joueurs cessonnais, la saison se terminera \u00e0 Toulouse le 6\u00a0juin.<\/p>\n<p>Le calendrier complet<\/p>\n<p>5-7 septembre\u00a0: Cesson &#8211; Saint-Raph\u00e4el<\/p>\n<p>12-14 septembre\u00a0: S\u00e9lestat &#8211; Cesson<\/p>\n<p>19-21 septembre\u00a0: Cesson &#8211; Aix<\/p>\n<p>26-28 septembre\u00a0: Chartres &#8211; Cesson<\/p>\n<p>3-5 octobre\u00a0: Cesson &#8211; Montpellier<\/p>\n<p>10-12 octobre\u00a0: Dijon &#8211; Cesson<\/p>\n<p>17-19 octobre\u00a0: Cesson &#8211; N\u00eemes<\/p>\n<p>24-26 octobre\u00a0: Paris &#8211; Cesson<\/p>\n<p>7-9 novembre\u00a0: Tremblay &#8211; Cesson<\/p>\n<p>14-16 novembre\u00a0: Cesson &#8211; Toulouse<\/p>\n<p>21-23 novembre\u00a0: Chamb\u00e9ry &#8211; Cesson<\/p>\n<p>28-30 novembre\u00a0: Istres &#8211; Cesson<\/p>\n<p>5-7 d\u00e9cembre\u00a0: Cesson &#8211; Limoges<\/p>\n<p>12-14 d\u00e9cembre\u00a0: Nantes &#8211; Cesson<\/p>\n<p>19-21 d\u00e9cembre\u00a0: Cesson &#8211; Dunkerque<\/p>\n<p>Phase retour<\/p>\n<p>13-15 f\u00e9vrier\u00a0: N\u00eemes &#8211; Cesson<\/p>\n<p>20-22 f\u00e9vrier\u00a0: Cesson &#8211; Dijon<\/p>\n<p>27-28 f\u00e9vrier\u00a0: Aix &#8211; Cesson<\/p>\n<p>6-8 mars\u00a0: Cesson &#8211; Chamb\u00e9ry<\/p>\n<p>13-15 mars\u00a0: Saint-Rapha\u00ebl &#8211; Cesson<\/p>\n<p>27-29 mars\u00a0: Cesson &#8211; Tremblay<\/p>\n<p>3-5 avril\u00a0: Limoges &#8211; Cesson<\/p>\n<p>10-12 avril\u00a0: Cesson &#8211; Chartres<\/p>\n<p>17-19 avril\u00a0: Dunkerque &#8211; Cesson<\/p>\n<p>24-26 avril\u00a0: Cesson &#8211; Paris<\/p>\n<p>1-3 mai\u00a0: Cesson &#8211; Istres<\/p>\n<p>8-10 mai\u00a0: Montpellier &#8211; Cesson<\/p>\n<p>26-29 mai\u00a0: Cesson &#8211; S\u00e9lestat<\/p>\n<p>2-3 juin\u00a0: Cesson &#8211; Nantes<\/p>\n<p>6\u00a0juin\u00a0: Toulouse &#8211; Cesson<\/p>\n<p>\u00a0<\/p>\n","protected":false},"excerpt":{"rendered":"On en sait un peu plus sur ce qui attend Cesson Rennes la saison prochaine\u00a0! La Ligue nationale&hellip;\n","protected":false},"author":2,"featured_media":229421,"comment_status":"","ping_status":"","sticky":false,"template":"","format":"standard","meta":{"footnotes":""},"categories":[2818],"tags":[1111,11,3809,1465,1777,674,63,1011,27,1792,1922,766,12,2636,25,479,517,1470],"class_list":{"0":"post-229420","1":"post","2":"type-post","3":"status-publish","4":"format-standard","5":"has-post-thumbnail","7":"category-nantes","8":"tag-actu","9":"tag-actualites","10":"tag-ball","11":"tag-basket","12":"tag-eu","13":"tag-europe","14":"tag-football","15":"tag-fr","16":"tag-france","17":"tag-handball","18":"tag-info","19":"tag-nantes","20":"tag-news","21":"tag-pays-de-la-loire","22":"tag-republique-francaise","23":"tag-rugby","24":"tag-sport","25":"tag-volley"},"share_on_mastodon":{"url":"https:\/\/pubeurope.com\/@fr\/114803787853255909","error":""},"_links":{"self":[{"href":"https:\/\/www.europesays.com\/fr\/wp-json\/wp\/v2\/posts\/229420","targetHints":{"allow":["GET"]}}],"collection":[{"href":"https:\/\/www.europesays.com\/fr\/wp-json\/wp\/v2\/posts"}],"about":[{"href":"https:\/\/www.europesays.com\/fr\/wp-json\/wp\/v2\/types\/post"}],"author":[{"embeddable":true,"href":"https:\/\/www.europesays.com\/fr\/wp-json\/wp\/v2\/users\/2"}],"replies":[{"embeddable":true,"href":"https:\/\/www.europesays.com\/fr\/wp-json\/wp\/v2\/comments?post=229420"}],"version-history":[{"count":0,"href":"https:\/\/www.europesays.com\/fr\/wp-json\/wp\/v2\/posts\/229420\/revisions"}],"wp:featuredmedia":[{"embeddable":true,"href":"https:\/\/www.europesays.com\/fr\/wp-json\/wp\/v2\/media\/229421"}],"wp:attachment":[{"href":"https:\/\/www.europesays.com\/fr\/wp-json\/wp\/v2\/media?parent=229420"}],"wp:term":[{"taxonomy":"category","embeddable":true,"href":"https:\/\/www.europesays.com\/fr\/wp-json\/wp\/v2\/categories?post=229420"},{"taxonomy":"post_tag","embeddable":true,"href":"https:\/\/www.europesays.com\/fr\/wp-json\/wp\/v2\/tags?post=229420"}],"curies":[{"name":"wp","href":"https:\/\/api.w.org\/{rel}","templated":true}]}}