{"id":229432,"date":"2025-07-06T01:58:13","date_gmt":"2025-07-06T01:58:13","guid":{"rendered":"https:\/\/www.europesays.com\/fr\/229432\/"},"modified":"2025-07-06T01:58:13","modified_gmt":"2025-07-06T01:58:13","slug":"je-nai-pas-les-codes-du-marigot-politique-il-na-pas-les-miens","status":"publish","type":"post","link":"https:\/\/www.europesays.com\/fr\/229432\/","title":{"rendered":"\u00ab Je n\u2019ai pas les codes du marigot politique, il n\u2019a pas les miens \u00bb"},"content":{"rendered":"\n<p>La Marseillaise\u00a0: <b>Apr\u00e8s avoir \u00e9t\u00e9 la Marseillaise du gouvernement puis \u00ab<\/b><b>\u00a0<\/b><b>en instance de divorce avec Marseille<\/b><b>\u00a0<\/b><b>\u00bb, vous voil\u00e0 de retour. N\u2019avez-vous pas un rapport contrari\u00e9 avec cette ville<\/b><b>\u00a0<\/b><b>? <\/b><\/p>\n<p>Sabrina Agresti-Roubache\u00a0: Pas du tout\u00a0! Je suis outr\u00e9 que le RN explose et que la classe politique soit apathique. C\u2019est \u00e7a qui me contrarie. De la d\u00e9faite, on s\u2019en remet, du d\u00e9shonneur jamais, regardez Anne-Laurence Petel.<\/p>\n<p><b>C\u2019est \u00e7a qui vous donne envie <br \/>de vous engager \u00e0 nouveau<\/b><b>\u00a0<\/b><b>? <\/b><\/p>\n<p>S.A.-R.\u00a0: Engag\u00e9e, je l\u2019ai toujours \u00e9t\u00e9. Engag\u00e9e en politique, je le suis devenue apr\u00e8s avoir rencontr\u00e9 Emmanuel Macron, ensuite je suis devenue d\u00e9put\u00e9e et ministre. Mon engagement a \u00e9t\u00e9 pour Marseille et aussi sur des causes\u00a0: la politique de la Ville, la citoyennet\u00e9. J\u2019ai un bilan.<\/p>\n<p><b>\u00c7a n\u2019a pas pay\u00e9 \u00e9lectoralement. <\/b><\/p>\n<p>S.A.-R.\u00a0: Vous pensez que le pr\u00e9sident de la R\u00e9publique ou des gens comme moi qui sont depuis 9\u00a0ans \u00e0 ses c\u00f4t\u00e9s, s\u2019engagent dans un but \u00e9lectoraliste\u00a0?<\/p>\n<p>Je ne vis pas de la politique. Parfois les courants dont parlait souvent Jean-Claude Gaudin sont plus forts que tout. Emmanuel Macron restera le premier pr\u00e9sident de la R\u00e9publique \u00e0 s\u2019\u00eatre pench\u00e9 sinc\u00e8rement sur le berceau de Marseille. Qu\u2019ont fait les d\u00e9put\u00e9s RN pour Marseille\u00a0? Qu\u2019on fait les d\u00e9put\u00e9s LFI pour Marseille \u00e0 part blablater\u00a0? Ils n\u2019ont jamais trait\u00e9 un dossier de logement ou de r\u00e9gularisation&#8230; Beaucoup de gens me sollicitent en disant \u00ab\u00a0il faut revenir, c\u2019est la catastrophe\u00a0\u00bb.<\/p>\n<p><b>Le plan Marseille en grand a \u00e9t\u00e9 critiqu\u00e9 par la Cour des comptes. <\/b><\/p>\n<p>S.A.-R.\u00a0: Le rapport provisoire de la Cour des comptes qui a fuit\u00e9 dans la presse comportait des chiffres diff\u00e9rents du rapport d\u00e9finitif. Lui, je le connais par c\u0153ur. Page\u00a064, il est dit que depuis la nomination de la secr\u00e9taire d\u2019\u00c9tat en juillet\u00a02023, les choses se sont organis\u00e9es. Ce rapport portait sur la p\u00e9riode qui remonte \u00e0 avant que je sois nomm\u00e9e. Le Groupement d\u2019int\u00e9r\u00eat public mobilit\u00e9 ne s\u2019\u00e9tait pas r\u00e9uni depuis 18\u00a0mois. Qui le convoque\u00a0? Moi. Les cam\u00e9ras, sur 500, 265\u00a0sont install\u00e9es, il faut absolument finir mais ce n\u2019est pas le pr\u00e9sident de la R\u00e9publique qui va venir faire des petits trous pour poser les cam\u00e9ras. Les policiers en plus, ils sont l\u00e0, le commissariat des 13-14, il existe. La r\u00e9novation urbaine, l\u2019argent est sanctuaris\u00e9. Les logements insalubres au centre-ville sont en cours de r\u00e9novation. Qui est all\u00e9 chercher le milliard pour les transports dont la moiti\u00e9 en pr\u00eat bonifi\u00e9 et l\u2019autre en subvention\u00a0? La place Castellane, on l\u2019a port\u00e9e. Les \u00e9coles, j\u2019aurais aim\u00e9 que \u00e7a aille plus vite, mais \u00e7a arrive. Pendant 18\u00a0mois j\u2019ai fait plus pour Marseille que des gens, qui parlent en off dans la presse, durant toute leur vie.<\/p>\n<p><b>Alors comment expliquez-vous que les critiques \u00e9manent prioritairement de votre camp ou du moins du p\u00e9rim\u00e8tre \u00ab<\/b><b>\u00a0<\/b><b>socle commun<\/b><b>\u00a0<\/b><b>\u00bb<\/b><b>\u00a0<\/b><b>? <\/b><\/p>\n<p>S.A.-R.\u00a0: De qui parle-t-on\u00a0? De gens qui sans M. le maire Jean-Claude Gaudin ne savent pas se faire \u00e9lire sur leur nom. Ils ont \u00e9t\u00e9 aux manettes pendant tr\u00e8s longtemps. C\u2019est moi qui leur demande des comptes, ce n\u2019est pas le contraire\u00a0! Ils ne connaissent pas les dossiers, encore moins Marseille en grand. Ils ne savent pas comment on fait du logement social, des routes, des travaux pour l\u2019h\u00f4pital public, une cit\u00e9 du cin\u00e9ma&#8230; Ils vivent de leur mandat et n\u2019ont pas de m\u00e9tier. Moi, je sors du gouvernement je retourne dans le priv\u00e9, \u00e7a me donne une libert\u00e9 ph\u00e9nom\u00e9nale&#8230; Pour faire de la politique\u00a0!<\/p>\n<p><b>Compte tenu de cela, un rassemblement LR-macronistes est-il possible \u00e0 Marseille pour les municipales<\/b><b>\u00a0<\/b><b>? <\/b><\/p>\n<p>S.A.-R.\u00a0: Regardez ce qu\u2019a dit Gabriel Attal, il consid\u00e8re qu\u2019il ne peut pas faire d\u2019alliance avec les LR au niveau pr\u00e9sidentiel. Retailleau s\u2019exclut lui-m\u00eame en d\u00e9non\u00e7ant les \u00e9nergies renouvelables ce qui est un scandale. On doit marcher sur nos deux jambes\u00a0: nucl\u00e9aire et renouvelable. S\u2019agissant des municipales, j\u2019ai dit que mes valeurs s\u2019arr\u00eataient \u00e0 Val\u00e9rie Boyer. Je ne sais pas aller au-del\u00e0. Quand je vois Renaud Muselier qui tape sur moi comme un sourd, je lui rappelle juste qu\u2019il est Renaissance et plus LR.<\/p>\n<p><b>Pourtant c\u2019est lui qui est le \u00ab<\/b><b>\u00a0<\/b><b>pilote<\/b><b>\u00a0<\/b><b>municipal<\/b><b>\u00a0<\/b><b>\u00bb pour Renaissance. <\/b><\/p>\n<p>S.A.-R.\u00a0: Justement, je pose la question\u00a0: comment se fait-il que le pr\u00e9sident de R\u00e9gion tape si fort sur sa conseill\u00e8re r\u00e9gionale qui \u00e9tait 4e de sa liste dans l\u2019alliance qu\u2019il a fait en 2021 alors que je suis tr\u00e8s positive sur tout ce qu\u2019on fait \u00e0 la R\u00e9gion. D\u00e9fendre Val\u00e9rie Boyer face \u00e0 moi, c\u2019est curieux. \u00c7a s\u2019est vu \u00e0 Marseille et \u00e0 Paris aussi.<\/p>\n<p><b>\u00c7a veut dire que vous entendez rassembler les macronistes canal historique pour y aller seuls<\/b><b>\u00a0<\/b><b>? <\/b><\/p>\n<p>S.A.-R.\u00a0: Non, \u00e7a veut dire que quand on parle d\u2019union et de rassemblement, il ne faut pas \u00e9clater les siens et \u00e9largir aux autres. Il ne me semble pas que Val\u00e9rie Boyer ait \u00e9mis le moindre v\u0153u de travailler avec les macronistes. Elle n\u2019avait m\u00eame pas appel\u00e9 \u00e0 voter pour moi en 2022 quand j\u2019\u00e9tais face au RN. Moi je suis coh\u00e9rente. En 2020 je soutenais Martine Vassal, en 2021 elle avait trouv\u00e9 un modus vivendi avec le parti du pr\u00e9sident sur les d\u00e9partementales. Je ne perds pas de vue que mes adversaires sont le RN et LFI.<\/p>\n<p><b>Vous serez donc candidate aupr\u00e8s de Martine Vassal<\/b><b>\u00a0<\/b><b>? <\/b><\/p>\n<p>S.A.-R.\u00a0: Je suis disponible pour m\u2019inscrire dans un projet qui aura de la gueule de rassemblement pour battre le RN. Je serai utile comme je l\u2019ai toujours \u00e9t\u00e9, je ne r\u00e9clame pas de postes. Je veux qu\u2019on dessine Marseille 2050 et que ceux qui parlent de Marseille en grand ne soient pas ceux qui ne le connaissent pas, qui sont l\u00e0 depuis 40\u00a0ans, ne savent pas g\u00e9rer une administration&#8230; Par contre grenouiller, \u00e7a, ils savent.<\/p>\n<p><b>Vous en avez parl\u00e9 avec Martine Vassal<\/b><b>\u00a0<\/b><b>?<\/b><b> <\/b><\/p>\n<p>S.A.-R.\u00a0: Je n\u2019ai besoin de personne pour parler avec Martine Vassal, personne ne se met entre elle et moi. Je lui parle tout le temps. Je l\u2019aime beaucoup. Elle fait le maximum pour d\u00e9senclaver Marseille. J\u2019aimerais que toutes les collectivit\u00e9s de France fassent comme Martine Vassal, c\u2019est-\u00e0-dire que d\u00e8s que l\u2019\u00c9tat leur donne de l\u2019argent, elles puissent le d\u00e9ployer.<\/p>\n<p><b>Bruno Gilles qui repr\u00e9sente d\u00e9sormais Horizons a rappel\u00e9 qu\u2019il y a \u00ab<\/b><b>\u00a0<\/b><b>des r\u00e8gles \u00e0 respecter<\/b><b>\u00a0<\/b><b>\u00bb, vous vous en affranchissez<\/b><b>\u00a0<\/b><b>? <\/b><\/p>\n<p>S.A.-R.\u00a0: Il a raison. En 2020, il a \u00e9t\u00e9 le grand organisateur de la d\u00e9faite de son propre camp. Il y a des r\u00e8gles \u00e0 respecter. Je suis tr\u00e8s heureuse de le voir revenir \u00e0 la raison.<\/p>\n<p><b>Vous allez donc tenter de battre Beno\u00eet Payan qui a \u00e9t\u00e9 un partenaire important du plan Marseille en grand. N\u2019y a-t-il pas une contradiction<\/b><b>\u00a0<\/b><b>? <\/b><\/p>\n<p>S.A.-R.\u00a0: On ne fait pas partie de la m\u00eame famille politique. On peut bien s\u2019entendre et avoir des d\u00e9saccords. Quand le pr\u00e9sident vient, il est bien accueilli. Mais je rappelle que j\u2019ai d\u00fb siffler la fin de la r\u00e9cr\u00e9. Je ne l\u2019ai pas fait pour moi mais pour les gens. On allait continuer \u00e0 laisser les r\u00e9novations en plan, les concertations pas faites, les transports pas accomplis, les \u00e9coles en retard\u00a0? J\u2019ai une vie tr\u00e8s sympa, je bosse, je suis partie dans l\u2019IA, j\u2019ai une fille formidable&#8230; Ce qui m\u2019int\u00e9resse, ce n\u2019est pas mon sort personnel, c\u2019est l\u2019int\u00e9r\u00eat g\u00e9n\u00e9ral. Je ne crains pas les coups. Le collectif G\u00e9n\u00e9rations Marseille anim\u00e9 notamment par mon amie Sandra Blanchard et Romain Simmarano, est un moyen d\u2019impliquer une soci\u00e9t\u00e9 civile qui partage le m\u00eame \u00e9tat d\u2019esprit.<\/p>\n<p><b>\u00cates-vous favorable \u00e0 la r\u00e9forme Paris, Marseille, Lyon<\/b><b>\u00a0<\/b><b>? <\/b><b\/><\/p>\n<p>S.A.-R.\u00a0: J\u2019ai toujours \u00e9t\u00e9 favorable \u00e0 une simplification du scrutin. Mais je regrette la derni\u00e8re copie qui n\u2019est pas satisfaisante pour Marseille. C\u2019est un texte qui est fait pour des parisiens \u00e0 Paris. Didier Parakian et Lionel Royer-Perreaut avaient beaucoup travaill\u00e9 la question mais ils ne sont plus dans l\u2019h\u00e9micycle. Il faut pouvoir recentraliser, la responsabilit\u00e9 sur celui ou celle qui est \u00e9lu maire. Quand, j\u2019\u00e9tais au minist\u00e8re, c\u2019\u00e9tait moi la cheffe.<\/p>\n<p><b>Pour vous, Marseille 2050, \u00e7a ressemble \u00e0 quoi<\/b><b>\u00a0<\/b><b>? <\/b><\/p>\n<p>S.A.-R.\u00a0: C\u2019est le Marseille que j\u2019aurais aim\u00e9 avoir quand j\u2019\u00e9tais petite\u00a0: des transports en commun partout, une ville qui rentre dans le XXIe si\u00e8cle, qui travaille \u00e0 la transition \u00e9cologique. 40% des petits marseillais vivent sous le seuil de pauvret\u00e9. En 2050, je ne veux plus que ce soit le cas. J\u2019en viens, j\u2019en faisais partie. Je suis une enfant de Marseille, je connais la ville mieux que tous ceux qui m\u2019attaquent. Je ne viens pas du marigot. Je n\u2019ai pas leurs codes, ils n\u2019ont pas les miens.<\/p>\n","protected":false},"excerpt":{"rendered":"La Marseillaise\u00a0: Apr\u00e8s avoir \u00e9t\u00e9 la Marseillaise du gouvernement puis \u00ab\u00a0en instance de divorce avec Marseille\u00a0\u00bb, vous voil\u00e0&hellip;\n","protected":false},"author":2,"featured_media":229433,"comment_status":"","ping_status":"","sticky":false,"template":"","format":"standard","meta":{"footnotes":""},"categories":[2814],"tags":[1111,11,2761,1777,674,1011,27,884,12,882,25],"class_list":{"0":"post-229432","1":"post","2":"type-post","3":"status-publish","4":"format-standard","5":"has-post-thumbnail","7":"category-marseille","8":"tag-actu","9":"tag-actualites","10":"tag-elections-municipales-2026","11":"tag-eu","12":"tag-europe","13":"tag-fr","14":"tag-france","15":"tag-marseille","16":"tag-news","17":"tag-provence-alpes-cote-dazur","18":"tag-republique-francaise"},"share_on_mastodon":{"url":"https:\/\/pubeurope.com\/@fr\/114803815489790622","error":""},"_links":{"self":[{"href":"https:\/\/www.europesays.com\/fr\/wp-json\/wp\/v2\/posts\/229432","targetHints":{"allow":["GET"]}}],"collection":[{"href":"https:\/\/www.europesays.com\/fr\/wp-json\/wp\/v2\/posts"}],"about":[{"href":"https:\/\/www.europesays.com\/fr\/wp-json\/wp\/v2\/types\/post"}],"author":[{"embeddable":true,"href":"https:\/\/www.europesays.com\/fr\/wp-json\/wp\/v2\/users\/2"}],"replies":[{"embeddable":true,"href":"https:\/\/www.europesays.com\/fr\/wp-json\/wp\/v2\/comments?post=229432"}],"version-history":[{"count":0,"href":"https:\/\/www.europesays.com\/fr\/wp-json\/wp\/v2\/posts\/229432\/revisions"}],"wp:featuredmedia":[{"embeddable":true,"href":"https:\/\/www.europesays.com\/fr\/wp-json\/wp\/v2\/media\/229433"}],"wp:attachment":[{"href":"https:\/\/www.europesays.com\/fr\/wp-json\/wp\/v2\/media?parent=229432"}],"wp:term":[{"taxonomy":"category","embeddable":true,"href":"https:\/\/www.europesays.com\/fr\/wp-json\/wp\/v2\/categories?post=229432"},{"taxonomy":"post_tag","embeddable":true,"href":"https:\/\/www.europesays.com\/fr\/wp-json\/wp\/v2\/tags?post=229432"}],"curies":[{"name":"wp","href":"https:\/\/api.w.org\/{rel}","templated":true}]}}