{"id":229434,"date":"2025-07-06T01:59:12","date_gmt":"2025-07-06T01:59:12","guid":{"rendered":"https:\/\/www.europesays.com\/fr\/229434\/"},"modified":"2025-07-06T01:59:12","modified_gmt":"2025-07-06T01:59:12","slug":"les-flammes-faisaient-10-metres-pres-de-marseille-des-habitants-surpris-en-pleine-nuit-par-un-important-incendie","status":"publish","type":"post","link":"https:\/\/www.europesays.com\/fr\/229434\/","title":{"rendered":"\u00ab\u00a0Les flammes faisaient 10 m\u00e8tres\u00a0\u00bb : pr\u00e8s de Marseille, des habitants surpris en pleine nuit par un important incendie"},"content":{"rendered":"<ul class=\"jsx-862013697 ArticleChapo__List\">\n<li class=\"jsx-862013697 ArticleChapo__List_Item flex\">Un incendie de for\u00eat s&rsquo;est d\u00e9clar\u00e9 dans la nuit de vendredi \u00e0 samedi sur la tr\u00e8s touristique c\u00f4te bleue, \u00e0 une quinzaine de kilom\u00e8tres de Marseille.<\/li>\n<li class=\"jsx-862013697 ArticleChapo__List_Item flex\">Le feu a parcouru une centaine d&rsquo;hectares de massif sans faire de bless\u00e9 avant d&rsquo;\u00eatre \u00ab\u00a0stabilis\u00e9\u00a0\u00bb.<\/li>\n<li class=\"jsx-862013697 ArticleChapo__List_Item flex\">Plusieurs r\u00e9sidents ont d\u00fb \u00eatre \u00e9vacu\u00e9s.<\/li>\n<\/ul>\n<p><a href=\"https:\/\/www.tf1info.fr\/emissions\/tf1\/le-13h-10927\/\" rel=\"noopener\" class=\"jsx-484472199 Link jsx-1428418400 jsx-640816507\" target=\"_blank\"><\/p>\n<p style=\"font-weight:400\" class=\"jsx-1837267516\">Suivez la couverture compl\u00e8te<\/p>\n<p style=\"font-weight:800\" class=\"jsx-1837267516\">Le 13H<\/p>\n<p><\/a><\/p>\n<p data-module=\"article-paragraph\" class=\"jsx-3046738180 Paragraph\">Ils ont \u00e9t\u00e9 surpris en plein sommeil. Un <a href=\"https:\/\/www.tf1info.fr\/environnement-ecologie\/incendie-dans-les-bouches-du-rhone-un-feu-d-ampleur-parcourt-100-hectares-150-personnes-evacuees-2381101.html\" target=\"_blank\" rel=\"noopener\">important incendie s&rsquo;est d\u00e9clar\u00e9, dans la nuit de vendredi 4 \u00e0 samedi 5 juillet, dans le massif de la C\u00f4te-Bleue<\/a>, sur la commune du Rove (Bouches-du-Rh\u00f4ne). Le feu est parti d&rsquo;un chemin vers 3h30 du matin, non loin de riverains qui ont d\u00fb \u00eatre \u00e9vacu\u00e9s. \u00ab\u00a0Regardez les flammes, pointe l&rsquo;un d&rsquo;eux sur son t\u00e9l\u00e9phone dans le reportage en t\u00eate de cet article. Elles faisaient 10 m\u00e8tres au moins, la fum\u00e9e nous a fait mal aux yeux, on suffoquait et c&rsquo;est l\u00e0 qu&rsquo;on est tous descendus \u00e0 la plage\u00a0\u00bb.<\/p>\n<p data-module=\"article-paragraph\" class=\"jsx-3046738180 Paragraph Paragraph__End\">\u00ab\u00a0J&rsquo;ai eu tr\u00e8s peur\u00a0\u00bb, confie une autre alors qu&rsquo;un troisi\u00e8me r\u00e9sident \u00e9vacu\u00e9 parle \u00ab\u00a0d&rsquo;apocalypse\u00a0\u00bb. Au total, 150 habitants ont \u00e9t\u00e9 accueillis dans une salle municipale pour \u00eatre mis \u00e0 l&rsquo;abri et ils ne savent pas encore quand ils pourront rentrer chez eux m\u00eame si le feu ne progresse plus et a \u00e9t\u00e9 \u00ab\u00a0stabilis\u00e9\u00a0\u00bb par les pompiers.<\/p>\n<p>Le d\u00e9partement en alerte<\/p>\n<p data-module=\"article-paragraph\" class=\"jsx-3046738180 Paragraph Paragraph__End\">Le feu est \u00ab\u00a0circonscrit dans le sens o\u00f9 la plupart des moyens se sont positionn\u00e9s sur des lisi\u00e8res\u00a0\u00bb, a d\u00e9clar\u00e9 sur place lors d&rsquo;un point de presse le colonel Jean-Luc Beccari, directeur d\u00e9partemental du SDIS13. N\u00e9anmoins, a-t-il pr\u00e9cis\u00e9, \u00ab\u00a0il reste encore des lisi\u00e8res inaccessibles qui devront \u00eatre trait\u00e9es par une combinaison a\u00e9ro-terrestre\u00a0\u00bb. Pr\u00e8s de 350 pompiers et marins-pompiers, appuy\u00e9s par une colonne de l&rsquo;Est de la France pr\u00e9positionn\u00e9e dans le d\u00e9partement, ont \u00e9t\u00e9 mobilis\u00e9s, avec le soutien de deux h\u00e9licopt\u00e8res bombardiers d&rsquo;eau et <a href=\"https:\/\/www.tf1info.fr\/environnement-ecologie\/incendies-le-fregate-f100-d-hynaero-futur-remplacant-du-canadair-2379946.html\" target=\"_blank\" rel=\"noopener\">deux Canadair<\/a>, ainsi que des moyens nautiques des marins-pompiers de Marseille.<\/p>\n<p><a href=\"https:\/\/www.tf1info.fr\/international\/video-secheresse-et-canicule-l-europe-frappee-par-des-incendies-meurtriers-2381081.html\" rel=\"noopener\" class=\"jsx-3308031228 Link flex\" target=\"_blank\"><img decoding=\"async\" src=\"https:\/\/www.europesays.com\/fr\/wp-content\/uploads\/2025\/07\/incendie-en-turquie-izmir-5-juillet-2025-080981-0@1x.jpeg\" alt=\"Les flammes ravagent la r\u00e9gion d'Izmir en Tuquie\" loading=\"lazy\" importance=\"low\" fetchpriority=\"low\" class=\"\" aria-hidden=\"true\"\/><\/p>\n<p class=\"jsx-3657663356 ReadMoreArticle__Title\">Lire aussi<\/p>\n<p class=\"jsx-3657663356\">S\u00e9cheresse et canicule : l&rsquo;Europe frapp\u00e9e par des incendies meurtriers<\/p>\n<p><\/a><\/p>\n<p data-module=\"article-paragraph\" class=\"jsx-3046738180 Paragraph\">Il s&rsquo;agit de l&rsquo;incendie le plus important en termes de superficie depuis 2023 dans les Bouches-du-Rh\u00f4ne, en vigilance orange canicule depuis le 27 juin. Une enqu\u00eate sera ouverte pour d\u00e9terminer les causes de l&rsquo;incendie, une fois qu&rsquo;il sera ma\u00eetris\u00e9, a indiqu\u00e9 le commandement r\u00e9gional de la gendarmerie. \u00ab\u00a0Nous attendons dans la journ\u00e9e une augmentation des temp\u00e9ratures, une baisse de l&rsquo;humidit\u00e9, et un lever de vent de ouest-nord-ouest, ce qui fait qu&rsquo;on va devoir \u00eatre mobilis\u00e9s une grande partie de la matin\u00e9e pour le s\u00e9curiser un maximum avant l&rsquo;apr\u00e8s-midi\u00a0\u00bb, a soulign\u00e9 le colonel Beccari.<\/p>\n<p data-module=\"article-paragraph\" class=\"jsx-3046738180 Paragraph Paragraph__End\">Une cellule de crise a \u00e9t\u00e9 mise en place en pr\u00e9fecture, a indiqu\u00e9 sur place un repr\u00e9sentant du pr\u00e9fet qui a rappel\u00e9 que le d\u00e9partement \u00e9tait \u00ab\u00a0en vigilance maximum pour les feux de for\u00eats\u00a0\u00bb. Travers\u00e9e par le massif de la Nerthe, Le Rove, commune de 5.200 habitants, est situ\u00e9 sur la c\u00f4te bleue qui longe les calanques du nord-ouest de Marseille, et abrite la c\u00e9l\u00e8bre calanque de Niolon.<\/p>\n<p>La r\u00e9daction de TF1info | Reportage TF1 : Pauline LEFRAN\u00c7OIS, Fr\u00e9d\u00e9ric MIARA<\/p>\n","protected":false},"excerpt":{"rendered":"Un incendie de for\u00eat s&rsquo;est d\u00e9clar\u00e9 dans la nuit de vendredi \u00e0 samedi sur la tr\u00e8s touristique c\u00f4te&hellip;\n","protected":false},"author":2,"featured_media":229435,"comment_status":"","ping_status":"","sticky":false,"template":"","format":"standard","meta":{"footnotes":""},"categories":[2814],"tags":[1111,11,1921,1777,674,5582,1011,27,1310,1922,5008,884,12,882,25,133,5737],"class_list":{"0":"post-229434","1":"post","2":"type-post","3":"status-publish","4":"format-standard","5":"has-post-thumbnail","7":"category-marseille","8":"tag-actu","9":"tag-actualites","10":"tag-article-video","11":"tag-eu","12":"tag-europe","13":"tag-forces-de-lordre-armee-pompiers","14":"tag-fr","15":"tag-france","16":"tag-incendie","17":"tag-info","18":"tag-le-13h","19":"tag-marseille","20":"tag-news","21":"tag-provence-alpes-cote-dazur","22":"tag-republique-francaise","23":"tag-video","24":"tag-video-environnement"},"share_on_mastodon":{"url":"https:\/\/pubeurope.com\/@fr\/114803819425888807","error":""},"_links":{"self":[{"href":"https:\/\/www.europesays.com\/fr\/wp-json\/wp\/v2\/posts\/229434","targetHints":{"allow":["GET"]}}],"collection":[{"href":"https:\/\/www.europesays.com\/fr\/wp-json\/wp\/v2\/posts"}],"about":[{"href":"https:\/\/www.europesays.com\/fr\/wp-json\/wp\/v2\/types\/post"}],"author":[{"embeddable":true,"href":"https:\/\/www.europesays.com\/fr\/wp-json\/wp\/v2\/users\/2"}],"replies":[{"embeddable":true,"href":"https:\/\/www.europesays.com\/fr\/wp-json\/wp\/v2\/comments?post=229434"}],"version-history":[{"count":0,"href":"https:\/\/www.europesays.com\/fr\/wp-json\/wp\/v2\/posts\/229434\/revisions"}],"wp:featuredmedia":[{"embeddable":true,"href":"https:\/\/www.europesays.com\/fr\/wp-json\/wp\/v2\/media\/229435"}],"wp:attachment":[{"href":"https:\/\/www.europesays.com\/fr\/wp-json\/wp\/v2\/media?parent=229434"}],"wp:term":[{"taxonomy":"category","embeddable":true,"href":"https:\/\/www.europesays.com\/fr\/wp-json\/wp\/v2\/categories?post=229434"},{"taxonomy":"post_tag","embeddable":true,"href":"https:\/\/www.europesays.com\/fr\/wp-json\/wp\/v2\/tags?post=229434"}],"curies":[{"name":"wp","href":"https:\/\/api.w.org\/{rel}","templated":true}]}}