{"id":229436,"date":"2025-07-06T02:00:10","date_gmt":"2025-07-06T02:00:10","guid":{"rendered":"https:\/\/www.europesays.com\/fr\/229436\/"},"modified":"2025-07-06T02:00:10","modified_gmt":"2025-07-06T02:00:10","slug":"pres-de-lyon-trois-blesses-graves-dans-un-violent-accident","status":"publish","type":"post","link":"https:\/\/www.europesays.com\/fr\/229436\/","title":{"rendered":"Pr\u00e8s de Lyon : trois bless\u00e9s graves dans un violent accident"},"content":{"rendered":"<p>Vendredi 4 juillet, deux voitures se sont percut\u00e9es sur la commune de Saint-Pierre-de-Chandieu, au sud-est de Lyon. Trois personnes ont \u00e9t\u00e9 gravement bless\u00e9es.<\/p>\n<p>Un grave accident de la route s&rsquo;est produit au sud-est de Lyon dans l&rsquo;apr\u00e8s-midi du vendredi 4 juillet.<\/p>\n<p>Deux voitures se sont percut\u00e9es sur la D151 \u00e0\u00a0<b>Saint-Pierre-de-Chandieu<\/b>, faisant <b>trois bless\u00e9s graves<\/b>.<\/p>\n<p>Selon <a class=\"url\" href=\"https:\/\/c.leprogres.fr\/faits-divers-justice\/2025\/07\/04\/collision-entre-deux-voitures-a-saint-pierre-de-chandieu-trois-personnes-grievement-blessees\" target=\"_blank\" rel=\"noopener\">Le Progr\u00e8s<\/a>, les trois victimes ont \u00e9t\u00e9 prises en charge en urgence absolue. La circulation a \u00e9t\u00e9 interrompue jusqu&rsquo;\u00e0 19h40 environ sur la D151 le temps que les secours interviennent.<\/p>\n<p><img loading=\"lazy\" decoding=\"async\" src=\"https:\/\/www.europesays.com\/fr\/wp-content\/uploads\/2025\/07\/1751767210_857_img\" width=\"350\" height=\"200\" border=\"0\" title=\"L'A89, \u00c3\u00a0 hauteur de la bretelle de Nervieux (Loire) pour acc\u00c3\u00a9der \u00c3\u00a0 l'A72\"\/><\/p>\n<p>\u25baTrafic<\/p>\n<p style=\"font-size: 22px;\"><b>Loire : un camion transportant des animaux se renverse sur l&rsquo;A89<\/b><\/p>\n<p>Un poids lourd s&rsquo;est renvers\u00e9, ce vendredi 4 juillet,&#8230;<\/p>\n<p><\/p>\n","protected":false},"excerpt":{"rendered":"Vendredi 4 juillet, deux voitures se sont percut\u00e9es sur la commune de Saint-Pierre-de-Chandieu, au sud-est de Lyon. Trois&hellip;\n","protected":false},"author":2,"featured_media":229437,"comment_status":"","ping_status":"","sticky":false,"template":"","format":"standard","meta":{"footnotes":""},"categories":[1889],"tags":[119,1111,11,2430,1777,674,6017,1011,27,2428,12,25,36805],"class_list":{"0":"post-229436","1":"post","2":"type-post","3":"status-publish","4":"format-standard","5":"has-post-thumbnail","7":"category-lyon","8":"tag-accident","9":"tag-actu","10":"tag-actualites","11":"tag-auvergne-rhone-alpes","12":"tag-eu","13":"tag-europe","14":"tag-fait-divers","15":"tag-fr","16":"tag-france","17":"tag-lyon","18":"tag-news","19":"tag-republique-francaise","20":"tag-saint-pierre-de-chandieu"},"share_on_mastodon":{"url":"https:\/\/pubeurope.com\/@fr\/114803823471489495","error":""},"_links":{"self":[{"href":"https:\/\/www.europesays.com\/fr\/wp-json\/wp\/v2\/posts\/229436","targetHints":{"allow":["GET"]}}],"collection":[{"href":"https:\/\/www.europesays.com\/fr\/wp-json\/wp\/v2\/posts"}],"about":[{"href":"https:\/\/www.europesays.com\/fr\/wp-json\/wp\/v2\/types\/post"}],"author":[{"embeddable":true,"href":"https:\/\/www.europesays.com\/fr\/wp-json\/wp\/v2\/users\/2"}],"replies":[{"embeddable":true,"href":"https:\/\/www.europesays.com\/fr\/wp-json\/wp\/v2\/comments?post=229436"}],"version-history":[{"count":0,"href":"https:\/\/www.europesays.com\/fr\/wp-json\/wp\/v2\/posts\/229436\/revisions"}],"wp:featuredmedia":[{"embeddable":true,"href":"https:\/\/www.europesays.com\/fr\/wp-json\/wp\/v2\/media\/229437"}],"wp:attachment":[{"href":"https:\/\/www.europesays.com\/fr\/wp-json\/wp\/v2\/media?parent=229436"}],"wp:term":[{"taxonomy":"category","embeddable":true,"href":"https:\/\/www.europesays.com\/fr\/wp-json\/wp\/v2\/categories?post=229436"},{"taxonomy":"post_tag","embeddable":true,"href":"https:\/\/www.europesays.com\/fr\/wp-json\/wp\/v2\/tags?post=229436"}],"curies":[{"name":"wp","href":"https:\/\/api.w.org\/{rel}","templated":true}]}}