{"id":22944,"date":"2025-04-13T19:44:13","date_gmt":"2025-04-13T19:44:13","guid":{"rendered":"https:\/\/www.europesays.com\/fr\/22944\/"},"modified":"2025-04-13T19:44:13","modified_gmt":"2025-04-13T19:44:13","slug":"charnay-les-macon-un-concours-photo-pour-celebrer-la-beaute-de-la-nature","status":"publish","type":"post","link":"https:\/\/www.europesays.com\/fr\/22944\/","title":{"rendered":"Charnay-l\u00e8s-M\u00e2con. Un concours photo pour c\u00e9l\u00e9brer la beaut\u00e9 de la nature"},"content":{"rendered":"<p>\u201cPo\u00e9sie florale\u201d. C\u2019est le th\u00e8me du nouveau concours photo que propose la Ville \u00e0 tous les photographes amateurs majeurs, souhaitant valoriser les richesses naturelles, la biodiversit\u00e9, les paysages et le patrimoine de Charnay.<\/p>\n<p>\u00ab\u00a0Encourager la cr\u00e9ation artistique et renforcer le lien entre les habitants et leur cadre de vie sont les objectifs de ce concours gratuit\u00a0\u00bb, indique la premi\u00e8re adjointe, Claudine Gagneau.<\/p>\n<p>L\u2019environnem&#8230;                <\/p>\n","protected":false},"excerpt":{"rendered":"\u201cPo\u00e9sie florale\u201d. C\u2019est le th\u00e8me du nouveau concours photo que propose la Ville \u00e0 tous les photographes amateurs&hellip;\n","protected":false},"author":2,"featured_media":22945,"comment_status":"","ping_status":"","sticky":false,"template":"","format":"standard","meta":{"footnotes":""},"categories":[1358],"tags":[1348,1384,1385,8448,1687,1386,58,3718,59,2271,107,1011,27,5981,104],"class_list":{"0":"post-22944","1":"post","2":"type-post","3":"status-publish","4":"format-standard","5":"has-post-thumbnail","7":"category-arts-et-design","8":"tag-arts","9":"tag-arts-and-design","10":"tag-arts-et-design","11":"tag-charnay-les-macon","12":"tag-culture-loisirs","13":"tag-design","14":"tag-divertissement","15":"tag-edition-macon","16":"tag-entertainment","17":"tag-exposition-arts-plastiques","18":"tag-fil-info","19":"tag-fr","20":"tag-france","21":"tag-macon-bassin","22":"tag-societe"},"share_on_mastodon":{"url":"https:\/\/pubeurope.com\/@fr\/114332373126448646","error":""},"_links":{"self":[{"href":"https:\/\/www.europesays.com\/fr\/wp-json\/wp\/v2\/posts\/22944","targetHints":{"allow":["GET"]}}],"collection":[{"href":"https:\/\/www.europesays.com\/fr\/wp-json\/wp\/v2\/posts"}],"about":[{"href":"https:\/\/www.europesays.com\/fr\/wp-json\/wp\/v2\/types\/post"}],"author":[{"embeddable":true,"href":"https:\/\/www.europesays.com\/fr\/wp-json\/wp\/v2\/users\/2"}],"replies":[{"embeddable":true,"href":"https:\/\/www.europesays.com\/fr\/wp-json\/wp\/v2\/comments?post=22944"}],"version-history":[{"count":0,"href":"https:\/\/www.europesays.com\/fr\/wp-json\/wp\/v2\/posts\/22944\/revisions"}],"wp:featuredmedia":[{"embeddable":true,"href":"https:\/\/www.europesays.com\/fr\/wp-json\/wp\/v2\/media\/22945"}],"wp:attachment":[{"href":"https:\/\/www.europesays.com\/fr\/wp-json\/wp\/v2\/media?parent=22944"}],"wp:term":[{"taxonomy":"category","embeddable":true,"href":"https:\/\/www.europesays.com\/fr\/wp-json\/wp\/v2\/categories?post=22944"},{"taxonomy":"post_tag","embeddable":true,"href":"https:\/\/www.europesays.com\/fr\/wp-json\/wp\/v2\/tags?post=22944"}],"curies":[{"name":"wp","href":"https:\/\/api.w.org\/{rel}","templated":true}]}}