{"id":229445,"date":"2025-07-06T02:07:17","date_gmt":"2025-07-06T02:07:17","guid":{"rendered":"https:\/\/www.europesays.com\/fr\/229445\/"},"modified":"2025-07-06T02:07:17","modified_gmt":"2025-07-06T02:07:17","slug":"jetais-oblige-dy-aller-perche-dans-le-vide-un-homme-sauve-3-enfants-des-flammes-a-paris","status":"publish","type":"post","link":"https:\/\/www.europesays.com\/fr\/229445\/","title":{"rendered":"\u00ab\u00a0J&rsquo;\u00e9tais oblig\u00e9 d&rsquo;y aller\u00a0\u00bb : perch\u00e9 dans le vide, un homme sauve 3 enfants des flammes \u00e0 Paris"},"content":{"rendered":"<ul class=\"jsx-862013697 ArticleChapo__List\">\n<li class=\"jsx-862013697 ArticleChapo__List_Item flex\">Ce vendredi, un incendie s&rsquo;est d\u00e9clar\u00e9 dans un immeuble situ\u00e9 dans le 18e arrondissement de Paris.<\/li>\n<li class=\"jsx-862013697 ArticleChapo__List_Item flex\">N&rsquo;\u00e9coutant que son courage, un homme n&rsquo;a pas h\u00e9sit\u00e9 \u00e0 aider une famille bloqu\u00e9e par les flammes.<\/li>\n<li class=\"jsx-862013697 ArticleChapo__List_Item flex\">Il a saisi leurs b\u00e9b\u00e9s par les bras, perch\u00e9 sur une corniche \u00e0 plusieurs dizaines de m\u00e8tres du sol.<\/li>\n<\/ul>\n<p data-module=\"article-paragraph\" class=\"jsx-3046738180 Paragraph Paragraph__End\">C&rsquo;est un acte d&rsquo;une incroyable bravoure. Ce vendredi 4 juillet, un incendie s&rsquo;est d\u00e9clar\u00e9 au deuxi\u00e8me \u00e9tage d&rsquo;un immeuble situ\u00e9 dans le 18e arrondissement de Paris. Tr\u00e8s vite, les flammes montent. Au sixi\u00e8me \u00e9tage, une famille de six personnes est prise au pi\u00e8ge. N&rsquo;\u00e9coutant que son courage, leur voisin d\u00e9cide alors de les aider. Comme on peut le voir dans la vid\u00e9o film\u00e9e par une voisine et disponible dans le sujet du 20H de TF1 en t\u00eate de l&rsquo;article, Fousseynou n&rsquo;h\u00e9site pas une seconde.<\/p>\n<blockquote class=\"jsx-2786790838 Quote__Text\"><p>J&rsquo;ai commenc\u00e9 par prendre le premier enfant, le petit b\u00e9b\u00e9. Il aurait pu tomber de mes bras<\/p><\/blockquote>\n<p>Fousseynou<\/p>\n<p data-module=\"article-paragraph\" class=\"jsx-3046738180 Paragraph Paragraph__End\">Avec un incroyable sang-froid, il passe par la fen\u00eatre et avance sur le rebord. Perch\u00e9 sur une corniche \u00e0 plusieurs dizaines de m\u00e8tres du sol, il attrape les b\u00e9b\u00e9s par les bras et les passe un \u00e0 un \u00e0 une personne dans son appartement. \u00ab\u00a0J&rsquo;\u00e9tais oblig\u00e9 d&rsquo;y aller. Ce qui m&rsquo;a le plus mis dans cette situation, ce sont les b\u00e9b\u00e9s, il y avait deux nourrissons. Le corps nous guide, on se dit qu&rsquo;il faut y aller\u00a0\u00bb, confie Fousseynou qui a suivi son instinct au p\u00e9ril de sa vie.\u00a0<\/p>\n<p><a href=\"https:\/\/www.tf1info.fr\/environnement-ecologie\/video-les-flammes-faisaient-10-metres-pres-de-marseille-des-habitants-surpris-en-pleine-nuit-par-un-important-incendie-2381129.html\" rel=\"noopener\" class=\"jsx-3308031228 Link flex\" target=\"_blank\"><img decoding=\"async\" src=\"https:\/\/www.europesays.com\/fr\/wp-content\/uploads\/2025\/07\/incendie-rive-cote-bleue-marseille-bouches-du-rhone-5-juillet-2025-e32ed7-0@1x.jpeg\" alt=\"TF1\" loading=\"lazy\" importance=\"low\" fetchpriority=\"low\" class=\"\" aria-hidden=\"true\"\/><\/p>\n<p class=\"jsx-3657663356 ReadMoreArticle__Title\">Lire aussi<\/p>\n<p class=\"jsx-3657663356\">\u00ab\u00a0Les flammes faisaient 10 m\u00e8tres\u00a0\u00bb : pr\u00e8s de Marseille, des habitants surpris en pleine nuit par un important incendie<\/p>\n<p><\/a><\/p>\n<p data-module=\"article-paragraph\" class=\"jsx-3046738180 Paragraph\">\u00ab\u00a0Il y avait juste un endroit o\u00f9 mettre les deux pieds et les \u00e9carter pour bien tenir. J&rsquo;ai commenc\u00e9 par prendre le premier enfant, le petit b\u00e9b\u00e9. Il aurait pu tomber de mes bras\u00a0\u00bb, poursuit l&rsquo;homme.<\/p>\n<p data-module=\"article-paragraph\" class=\"jsx-3046738180 Paragraph Paragraph__End\">Par chance, aucun bless\u00e9 grave n&rsquo;est \u00e0 d\u00e9plorer. Le parquet de Paris indique que 10 r\u00e9sidents de l\u2019immeuble ont \u00e9t\u00e9 intoxiqu\u00e9s par les fum\u00e9es et transport\u00e9s par les services de secours en urgence relative. Huit sont encore hospitalis\u00e9s ce samedi soir. Des investigations sont en cours pour comprendre les circonstances de cet incendie.\u00a0<\/p>\n<p>La r\u00e9daction de TF1info | Reportage : Lise Cloix, Theo Collet et Elodie Gregoire<\/p>\n","protected":false},"excerpt":{"rendered":"Ce vendredi, un incendie s&rsquo;est d\u00e9clar\u00e9 dans un immeuble situ\u00e9 dans le 18e arrondissement de Paris. N&rsquo;\u00e9coutant que&hellip;\n","protected":false},"author":2,"featured_media":229446,"comment_status":"","ping_status":"","sticky":false,"template":"","format":"standard","meta":{"footnotes":""},"categories":[1888],"tags":[1111,11,1921,1777,674,1011,27,1310,1922,2954,2952,12,626,25,2136,133,2953],"class_list":{"0":"post-229445","1":"post","2":"type-post","3":"status-publish","4":"format-standard","5":"has-post-thumbnail","7":"category-paris","8":"tag-actu","9":"tag-actualites","10":"tag-article-video","11":"tag-eu","12":"tag-europe","13":"tag-fr","14":"tag-france","15":"tag-incendie","16":"tag-info","17":"tag-justice-et-faits-divers","18":"tag-le-20h","19":"tag-news","20":"tag-paris","21":"tag-republique-francaise","22":"tag-super-heros","23":"tag-video","24":"tag-video-police"},"share_on_mastodon":{"url":"","error":""},"_links":{"self":[{"href":"https:\/\/www.europesays.com\/fr\/wp-json\/wp\/v2\/posts\/229445","targetHints":{"allow":["GET"]}}],"collection":[{"href":"https:\/\/www.europesays.com\/fr\/wp-json\/wp\/v2\/posts"}],"about":[{"href":"https:\/\/www.europesays.com\/fr\/wp-json\/wp\/v2\/types\/post"}],"author":[{"embeddable":true,"href":"https:\/\/www.europesays.com\/fr\/wp-json\/wp\/v2\/users\/2"}],"replies":[{"embeddable":true,"href":"https:\/\/www.europesays.com\/fr\/wp-json\/wp\/v2\/comments?post=229445"}],"version-history":[{"count":0,"href":"https:\/\/www.europesays.com\/fr\/wp-json\/wp\/v2\/posts\/229445\/revisions"}],"wp:featuredmedia":[{"embeddable":true,"href":"https:\/\/www.europesays.com\/fr\/wp-json\/wp\/v2\/media\/229446"}],"wp:attachment":[{"href":"https:\/\/www.europesays.com\/fr\/wp-json\/wp\/v2\/media?parent=229445"}],"wp:term":[{"taxonomy":"category","embeddable":true,"href":"https:\/\/www.europesays.com\/fr\/wp-json\/wp\/v2\/categories?post=229445"},{"taxonomy":"post_tag","embeddable":true,"href":"https:\/\/www.europesays.com\/fr\/wp-json\/wp\/v2\/tags?post=229445"}],"curies":[{"name":"wp","href":"https:\/\/api.w.org\/{rel}","templated":true}]}}