{"id":229457,"date":"2025-07-06T02:13:12","date_gmt":"2025-07-06T02:13:12","guid":{"rendered":"https:\/\/www.europesays.com\/fr\/229457\/"},"modified":"2025-07-06T02:13:12","modified_gmt":"2025-07-06T02:13:12","slug":"la-france-et-leurope-face-aux-trois-caids","status":"publish","type":"post","link":"https:\/\/www.europesays.com\/fr\/229457\/","title":{"rendered":"La France et l\u2019Europe face aux trois \u00ab ca\u00efds \u00bb"},"content":{"rendered":"<p>Avant, nous jouions \u00e0 la marelle ensemble, en respectant les r\u00e8gles. Puis trois ca\u00efds sont arriv\u00e9s, et il n\u2019y a plus de r\u00e8gles\u00a0\u00bb\u00a0: le ministre de l\u2019\u00c9conomie <a href=\"https:\/\/www.ledauphine.com\/p\/eric-lombard\" target=\"_blank\" rel=\"nofollow noopener\">Eric Lombard<\/a> s\u2019est fait samedi ministre des contes pour d\u00e9crire ce que signifie \u00ab\u00a0le choc des r\u00e9alit\u00e9s\u00a0\u00bb, th\u00e8me de ces 25e Rencontres d\u2019Aix. Les trois \u00ab\u00a0ca\u00efds\u00a0\u00bb sont naturellement la Russie, la Chine et les \u00c9tats-Unis, qui nous imposent des conflits de natures diverses.<\/p>\n<p>\u00ab\u00a0Discours anxiog\u00e8ne\u00a0\u00bb du budget<\/p>\n<p>Bernard Sanan\u00e8s, de l\u2019Institut Elabe, traduit cela d\u2019un mot, une \u00ab\u00a0vuln\u00e9rabilit\u00e9\u00a0\u00bb ressentie par tous. \u00ab\u00a0Nous sommes entr\u00e9s dans un monde o\u00f9 tout peut arriver, m\u00eame l\u2019inimaginable\u00a0\u00bb\u00a0: notre maison b\u00e2tie dans un quartier tranquille soudain balay\u00e9e par une tornade, notre pays \u00e0 la merci d\u2019un dictateur fou envoyant un missile\u2026 \u00ab\u00a0Ce n\u2019est pas de la peur, mais une interrogation\u00a0: comment nous prot\u00e9ger\u00a0?\u00a0\u00bb<\/p>\n<p>Ainsi va notre monde, o\u00f9 \u00ab\u00a0la seule certitude est l\u2019incertitude\u00a0\u00bb, r\u00e9sume <a href=\"https:\/\/www.ledauphine.com\/p\/ilham-kadri\" target=\"_blank\" rel=\"nofollow noopener\">Ilham Kadri<\/a>, pr\u00e9sidente du chimiste Syensqo. Ainsi va la France depuis exactement un an \u2013 l\u2019\u00e9dition pr\u00e9c\u00e9dente des Rencontres avait \u00e9t\u00e9 abr\u00e9g\u00e9e par le second tour des l\u00e9gislatives, suite \u00e0 une \u00ab\u00a0dissolution insens\u00e9e\u00a0\u00bb (dixit <a href=\"https:\/\/www.ledauphine.com\/p\/michel-barnier\" target=\"_blank\" rel=\"nofollow noopener\">Michel Barnier<\/a>).<\/p>\n<p>L\u2019incertitude est embrum\u00e9e par les atermoiements budg\u00e9taires du gouvernement, qui font dire au patron de Carrefour Alexandre Bompard\u00a0: \u00ab\u00a0Je demande aux pouvoirs publics d\u2019arr\u00eater le discours anxiog\u00e8ne sur les d\u00e9penses publiques\u00a0\u00bb \u2013cause, selon lui, d\u2019un taux d\u2019\u00e9pargne d\u00e9passant 18\u00a0%, au d\u00e9triment de la consommation et de la croissance.<\/p>\n<p>Draghi, \u00ab\u00a0espoir\u00a0\u00bb\u00a0de l&rsquo;Europe ?<\/p>\n<p>Et le ministre de l\u2019\u00c9conomie aura ajout\u00e9 l\u2019inqui\u00e9tude \u00e0 l\u2019incertitude en pointant samedi que \u00ab\u00a0depuis hier soir, nous empruntons plus cher que l\u2019Italie\u00a0\u00bb, signe d\u2019une confiance en baisse des march\u00e9s financiers.<\/p>\n<p>Reste l\u2019Europe. Incarn\u00e9e par <a href=\"https:\/\/www.ledauphine.com\/p\/mario-draghi\" target=\"_blank\" rel=\"nofollow noopener\">Mario Draghi<\/a>, 77 ans \u2013 \u00ab\u00a0l\u2019espoir\u00a0\u00bb, selon l\u2019\u00e9conomiste Philippe Aghion, qui fait acclamer l\u2019ancien pr\u00e9sident de la Banque centrale europ\u00e9enne. L\u2019Europe n\u00e9cessaire, plaident politiques, \u00e9conomistes et dirigeants d\u2019entreprise, mais une Europe si lente \u00e0 r\u00e9agir face aux \u00ab\u00a0ca\u00efds\u00a0\u00bb.<\/p>\n<p>  Le triomphe d\u2019Estanguet<\/p>\n<p>Maintes fois aura par exemple \u00e9t\u00e9 plaid\u00e9e, au long de ces trois jours, l\u2019urgence d\u2019un march\u00e9 europ\u00e9en des capitaux. Le gouverneur de la Banque de France Fran\u00e7ois Villeroy de Galhau a m\u00eame coiff\u00e9 pour cela une \u00e9tonnante casquette brod\u00e9e \u00ab\u00a0Make Europe Great Again\u00a0\u00bb.<\/p>\n<p>Mais un expert am\u00e9ricain remarquera perfidement\u00a0: \u00ab\u00a0J\u2019\u00e9tais banquier en Europe il y a vingt ans, on parlait d\u00e9j\u00e0 de ce march\u00e9 unique des capitaux\u2026 J\u2019ai l\u2019impression qu\u2019on n\u2019a pas avanc\u00e9\u00a0\u00bb.<\/p>\n<p>Concluons sur une note plus positive, le triomphe fait \u00e0 <a href=\"https:\/\/www.ledauphine.com\/p\/tony-estanguet\" target=\"_blank\" rel=\"nofollow noopener\">Tony Estanguet<\/a>. \u00ab\u00a0L\u2019\u00e9t\u00e9 dernier, notre pays s\u2019est r\u00e9concili\u00e9\u00a0\u00bb, constate le ma\u00eetre d\u2019\u0153uvre des Jeux Olympiques. Il rappelle cependant le scepticisme, les critiques et les querelles affront\u00e9es avant le succ\u00e8s final. L\u2019assembl\u00e9e n\u2019entend pas cela. Seul para\u00eet compter pour elle le souvenir d\u2019avoir \u00ab\u00a0fait nation ensemble\u00a0\u00bb.<\/p>\n","protected":false},"excerpt":{"rendered":"Avant, nous jouions \u00e0 la marelle ensemble, en respectant les r\u00e8gles. Puis trois ca\u00efds sont arriv\u00e9s, et il&hellip;\n","protected":false},"author":2,"featured_media":229458,"comment_status":"","ping_status":"","sticky":false,"template":"","format":"standard","meta":{"footnotes":""},"categories":[1586],"tags":[11,33,1777,674,107,1011,27,329,12,316,25],"class_list":{"0":"post-229457","1":"post","2":"type-post","3":"status-publish","4":"format-standard","5":"has-post-thumbnail","7":"category-europe","8":"tag-actualites","9":"tag-economie","10":"tag-eu","11":"tag-europe","12":"tag-fil-info","13":"tag-fr","14":"tag-france","15":"tag-france-monde","16":"tag-news","17":"tag-politique","18":"tag-republique-francaise"},"share_on_mastodon":{"url":"https:\/\/pubeurope.com\/@fr\/114803874552971319","error":""},"_links":{"self":[{"href":"https:\/\/www.europesays.com\/fr\/wp-json\/wp\/v2\/posts\/229457","targetHints":{"allow":["GET"]}}],"collection":[{"href":"https:\/\/www.europesays.com\/fr\/wp-json\/wp\/v2\/posts"}],"about":[{"href":"https:\/\/www.europesays.com\/fr\/wp-json\/wp\/v2\/types\/post"}],"author":[{"embeddable":true,"href":"https:\/\/www.europesays.com\/fr\/wp-json\/wp\/v2\/users\/2"}],"replies":[{"embeddable":true,"href":"https:\/\/www.europesays.com\/fr\/wp-json\/wp\/v2\/comments?post=229457"}],"version-history":[{"count":0,"href":"https:\/\/www.europesays.com\/fr\/wp-json\/wp\/v2\/posts\/229457\/revisions"}],"wp:featuredmedia":[{"embeddable":true,"href":"https:\/\/www.europesays.com\/fr\/wp-json\/wp\/v2\/media\/229458"}],"wp:attachment":[{"href":"https:\/\/www.europesays.com\/fr\/wp-json\/wp\/v2\/media?parent=229457"}],"wp:term":[{"taxonomy":"category","embeddable":true,"href":"https:\/\/www.europesays.com\/fr\/wp-json\/wp\/v2\/categories?post=229457"},{"taxonomy":"post_tag","embeddable":true,"href":"https:\/\/www.europesays.com\/fr\/wp-json\/wp\/v2\/tags?post=229457"}],"curies":[{"name":"wp","href":"https:\/\/api.w.org\/{rel}","templated":true}]}}