{"id":229466,"date":"2025-07-06T02:18:09","date_gmt":"2025-07-06T02:18:09","guid":{"rendered":"https:\/\/www.europesays.com\/fr\/229466\/"},"modified":"2025-07-06T02:18:09","modified_gmt":"2025-07-06T02:18:09","slug":"frederic-lacroix-aux-portes-du-top-10-daniel-brown-vire-en-tete-lequipe","status":"publish","type":"post","link":"https:\/\/www.europesays.com\/fr\/229466\/","title":{"rendered":"Fr\u00e9d\u00e9ric Lacroix aux portes du top 10, Daniel Brown vire en t\u00eate &#8211; L&#039;\u00c9quipe"},"content":{"rendered":"<ol>\n<li><a href=\"https:\/\/news.google.com\/rss\/articles\/CBMirwFBVV95cUxQREJSOWFzeDJsN3VXdmhGLUN1aDFZdVpqdzJwX0thM2hydm9vT3F1VHFwX1NJeThSbFpQSkMtbWFIRzdPRjYtWG5qQldiaWlwa1FYNFpGd1FJMG9sNEpNNEdUbVlfUmV5UXNNNkxvOXR4YmVuTTZxUFVGTHkwT1BqYkwtUThSaVZ1VFdQSTVCbjRMVkxXblJpNFFmMnR2QTdfaUE4T1JpVEpvR19jY21R?oc=5\" target=\"_blank\" rel=\"nofollow noopener\">Fr\u00e9d\u00e9ric Lacroix aux portes du top 10, Daniel Brown vire en t\u00eate<\/a>&nbsp;&nbsp;L&rsquo;\u00c9quipe<\/li>\n<li><a href=\"https:\/\/news.google.com\/rss\/articles\/CBMi4gFBVV95cUxPR2Y0czFybnI2T0J3dFB6WFNWM3NBcDUwRWZKeTZtalJDTzdTdlFwejhHaVRDcnFBeE4zaU1zRFhkWDNUb1g0SkQyYzAycWZoM253QUZRQmlGNVlLNlJRQVBnc1N4UmNJOXNwd1lKTDhXa3hNU2E3X1FLMVJRaWZtc1JrbUFRRHc2cmFXM0R4M1lGbHQ0dUIyckNaOWt1Zlk2dXZoU05yZ29pT2xQNkozUWg4RWNBUUFfRUpvTXAxanVxUmV0emljMEYwelNJT0lZYVRnWTV3bDdmQzVOMk5zZ3J3?oc=5\" target=\"_blank\" rel=\"nofollow noopener\">Davis Bryant s\u2019offre la t\u00eate \u00e0 Munich. Ravetto et Coussaud dans le top 15<\/a>&nbsp;&nbsp;Golf Plan\u00e8te<\/li>\n<li><a href=\"https:\/\/news.google.com\/rss\/articles\/CBMihAJBVV95cUxPSXFDRlJIamRtNlBkanBqR0ZCMkhPZGJ5VU5RVE9iUFl4Si1LaVZJUDBWd1dZWUxibUIwOFZpR2VKZ2NxeGlXTTVVR00xMWYxdDQwbkpMbldwYURoNnoxOThFRGZYNndvSHFySXJMVU92bDUtVGltaXpLdHRUamE1a3I0MGF6WmlQZWxzVU02ZjdQYlBtYmFrVXpSZTVCZ0VTSm5YZFR1OEVpRjEzNEk0VVlTWHNfVEozSDgxYVlJdVZBTXJjak5lOUZhdDZzbUpTQVNVWFh4NlowQUkwNGIxczFrRlJ1czlZMzBaRWRkYXFIMzhMQkxDbWFHU2tETm45TEw5Rg?oc=5\" target=\"_blank\" rel=\"nofollow noopener\">Golf. DPW Tour &#8211; BMW Open: Daniel Brown (-16) devant Jordan Smith, Fr\u00e9d\u00e9ric Lacroix plac\u00e9 (-10)<\/a>&nbsp;&nbsp;Ouest-France<\/li>\n<li><a href=\"https:\/\/news.google.com\/rss\/articles\/CBMi2gFBVV95cUxOS1AyNmxnMEttYUFwamtlajc0WXgyR0M0dHo3a3drd2hoNTVaMTlIZ00yeXhYTXNfNkh2NUowV0VKUXZmVXA0YzZ1MnplbHNrMFEtQU92dHRyaTI1ZlVGRHBrcWcxYzFBcUFURDMxV0VObG94NE9LaXp6dzUzWFJqcHhPYTA4dnBiWlhobkV4V1ZkY2RmZEVhRlFzMUZ5dmlIYUdQdEg4bUFhbndIcHFvcUs0M0ZPd1Mzd0hZZUdjV1N1TEludUZydGlHejNkUjhEdzdDbktuNU5HZw?oc=5\" target=\"_blank\" rel=\"nofollow noopener\">Ugo Coussaud et David Ravetto 15es, Davis Bryant seul leader au BMW International Open de Munich<\/a>&nbsp;&nbsp;L&rsquo;\u00c9quipe<\/li>\n<li><a href=\"https:\/\/news.google.com\/rss\/articles\/CBMiqgFBVV95cUxONUVoallncHhGV0RFZE9WS0xrdnFrUWkxeFhEOE81a3pMYXVJMHZicGQ1S0czZE5QX0FaUU1mRWQwS1g3YUVFSEluOC15cThaOFkxalc5WlJFRF9taHhkT1VfNTdVcjM4U1ZCY183eXl5ZEtpV3p5dFNaZ19FUEJzVjV3S08zMXdheFd6N1hBVnVqblB1clNnUVpRRVVHTE1kVVZTX05fanlpdw?oc=5\" target=\"_blank\" rel=\"nofollow noopener\">BMW International Open : Coussaud parmi les leaders<\/a>&nbsp;&nbsp;F\u00e9d\u00e9ration Fran\u00e7aise de Golf<\/li>\n<\/ol>\n","protected":false},"excerpt":{"rendered":"Fr\u00e9d\u00e9ric Lacroix aux portes du top 10, Daniel Brown vire en t\u00eate&nbsp;&nbsp;L&rsquo;\u00c9quipe Davis Bryant s\u2019offre la t\u00eate \u00e0&hellip;\n","protected":false},"author":2,"featured_media":229467,"comment_status":"","ping_status":"","sticky":false,"template":"","format":"standard","meta":{"footnotes":""},"categories":[1418],"tags":[1011,27,1472,60],"class_list":{"0":"post-229466","1":"post","2":"type-post","3":"status-publish","4":"format-standard","5":"has-post-thumbnail","7":"category-golf","8":"tag-fr","9":"tag-france","10":"tag-golf","11":"tag-sports"},"share_on_mastodon":{"url":"https:\/\/pubeurope.com\/@fr\/114803894070690202","error":""},"_links":{"self":[{"href":"https:\/\/www.europesays.com\/fr\/wp-json\/wp\/v2\/posts\/229466","targetHints":{"allow":["GET"]}}],"collection":[{"href":"https:\/\/www.europesays.com\/fr\/wp-json\/wp\/v2\/posts"}],"about":[{"href":"https:\/\/www.europesays.com\/fr\/wp-json\/wp\/v2\/types\/post"}],"author":[{"embeddable":true,"href":"https:\/\/www.europesays.com\/fr\/wp-json\/wp\/v2\/users\/2"}],"replies":[{"embeddable":true,"href":"https:\/\/www.europesays.com\/fr\/wp-json\/wp\/v2\/comments?post=229466"}],"version-history":[{"count":0,"href":"https:\/\/www.europesays.com\/fr\/wp-json\/wp\/v2\/posts\/229466\/revisions"}],"wp:featuredmedia":[{"embeddable":true,"href":"https:\/\/www.europesays.com\/fr\/wp-json\/wp\/v2\/media\/229467"}],"wp:attachment":[{"href":"https:\/\/www.europesays.com\/fr\/wp-json\/wp\/v2\/media?parent=229466"}],"wp:term":[{"taxonomy":"category","embeddable":true,"href":"https:\/\/www.europesays.com\/fr\/wp-json\/wp\/v2\/categories?post=229466"},{"taxonomy":"post_tag","embeddable":true,"href":"https:\/\/www.europesays.com\/fr\/wp-json\/wp\/v2\/tags?post=229466"}],"curies":[{"name":"wp","href":"https:\/\/api.w.org\/{rel}","templated":true}]}}