{"id":229468,"date":"2025-07-06T02:20:13","date_gmt":"2025-07-06T02:20:13","guid":{"rendered":"https:\/\/www.europesays.com\/fr\/229468\/"},"modified":"2025-07-06T02:20:13","modified_gmt":"2025-07-06T02:20:13","slug":"top-14-il-nous-fallait-un-expert-cameron-woki-les-coulisses-dun-retour-a-lubb-3-ans-apres-son-depart","status":"publish","type":"post","link":"https:\/\/www.europesays.com\/fr\/229468\/","title":{"rendered":"TOP 14. \u00a0\u00bbIl nous fallait un expert\u2026\u00a0\u00bb : Cameron Woki, les coulisses d\u2019un retour \u00e0 l\u2019UBB 3 ans apr\u00e8s son d\u00e9part"},"content":{"rendered":"<p>C\u2019est un <a href=\"https:\/\/www.lerugbynistere.fr\/transferts\/\" ui-sref=\"app.category(categoryId: 10})\" alt=\"Transfert\" data-route=\"app.category\" data-param=\"categoryId\" data-id=\"10\" rel=\"nofollow noopener\" target=\"_blank\">transfert<\/a> qui n\u2019a pas fait beaucoup de bruit au regard de son importance. Pourtant, pendant que l\u2019UBB disputait une fin de saison de champion, le club girondin a bel et bien obtenu la signature de <a href=\"https:\/\/www.lerugbynistere.fr\/fiches-joueurs\/cameron-woki.php\" ui-sref=\"app.player({playerId: 3385})\" alt=\"Cameron Woki\" data-route=\"app.player\" data-param=\"playerId\" data-id=\"3385\" rel=\"nofollow noopener\" target=\"_blank\">Cameron Woki<\/a>.<\/p>\n<p>Un gar\u00e7on choy\u00e9 \u00e0 <a href=\"https:\/\/www.lerugbynistere.fr\/clubs\/ubb-bordeaux-begles.php\" ui-sref=\"app.team({teamId: 32})\" alt=\"Bordeaux\" data-route=\"app.team\" data-param=\"teamId\" data-id=\"32\" rel=\"nofollow noopener\" target=\"_blank\">Bordeaux<\/a> depuis les Espoirs et qui a connu son av\u00e8nement chez les professionnels puis en \u00e9quipe de <a href=\"https:\/\/www.lerugbynistere.fr\/equipes-nationales\/xv-de-france.php\" ui-sref=\"app.team({teamId: 65})\" alt=\"France\" data-route=\"app.team\" data-param=\"teamId\" data-id=\"65\" rel=\"nofollow noopener\" target=\"_blank\">France<\/a> alors qu\u2019il \u00e9voluait sur les bords de la Garonne aux c\u00f4t\u00e9s de son grand ami <a href=\"https:\/\/www.lerugbynistere.fr\/fiches-joueurs\/matthieu-jalibert.php\" ui-sref=\"app.player({playerId: 5535})\" alt=\"Matthieu Jalibert\" data-route=\"app.player\" data-param=\"playerId\" data-id=\"5535\" rel=\"nofollow noopener\" target=\"_blank\">Matthieu Jalibert<\/a>.<\/p>\n<p><a class=\"inserer_lien_article\" href=\"https:\/\/www.lerugbynistere.fr\/news\/top-14-sur-le-declin-depuis-3-ans-pourquoi-le-ptit-louis-carbonel-va-t-il-reussir-a-toulon-1706251445.php\" data-id=\"45299\" data-route=\"app.article\" data-param=\"articleId\" ui-sref=\"app.article({articleId: 45299})\" alt=\"TOP 14. Sur le d\u00e9clin depuis 3 ans, pourquoi le p\u2019tit Louis Carbonel va-t-il r\u00e9ussir \u00e0 Toulon ?\" title=\"TOP 14. Sur le d\u00e9clin depuis 3 ans, pourquoi le p\u2019tit Louis Carbonel va-t-il r\u00e9ussir \u00e0 Toulon ?\" rel=\"nofollow noopener\" target=\"_blank\"><img decoding=\"async\" src=\"https:\/\/www.europesays.com\/fr\/wp-content\/uploads\/2025\/06\/top-14-toulon-sans-ollivon-carbonel-et-serin-pour-defier-un-montpellier-revanchard-03-09-21-4167.jpg\" alt=\"TOP 14. Sur le d\u00e9clin depuis 3 ans, pourquoi le p\u2019tit Louis Carbonel va-t-il r\u00e9ussir \u00e0 Toulon ?\"\/>TOP 14. Sur le d\u00e9clin depuis 3 ans, pourquoi le p\u2019tit Louis Carbonel va-t-il r\u00e9ussir \u00e0 Toulon ?<\/a><\/p>\n<p>C\u2019est ainsi que 3 ans apr\u00e8s son d\u00e9part quelque peu houleux pour le <a href=\"https:\/\/www.lerugbynistere.fr\/clubs\/racing-metro-92.php\" ui-sref=\"app.team({teamId: 29})\" alt=\"Racing 92\" data-route=\"app.team\" data-param=\"teamId\" data-id=\"29\" rel=\"nofollow noopener\" target=\"_blank\">Racing 92<\/a>, dans la r\u00e9gion dont il est originaire, il va faire son retour chez les r\u00e9cent champion d\u2019Europe. Comment cela a pu de faire ?<\/p>\n<p>Woki voulait revenir\u00a0<\/p>\n<p>\u00ab\u00a0Je vais le rappeler, mais Cameron n\u2019avait pas demand\u00e9 \u00e0 partir et je n\u2019\u00e9tais pas \u00e0 l\u2019origine de son d\u00e9part,\u00a0\u00bb explique\u00a0le pr\u00e9sident de l\u2019UBB, Laurent Marti, lors d\u2019un entretien pour l\u2019\u00e9mission locale Top Rugby. \u00ab\u00a0Il y a eu un concours de circonstances qui a fait que c\u2019est arriv\u00e9. Ca a cr\u00e9\u00e9 quelques petites tensions, mais rien de tr\u00e8s grave. \u00ab\u00a0<\/p>\n<p><a class=\"inserer_lien_article\" href=\"https:\/\/www.lerugbynistere.fr\/news\/transfert-un-dossier-qui-seternise-apres-126-matchs-avec-toulouse-ou-jouera-ce-soldat-la-saison-prochaine-0507251824.php\" data-id=\"45473\" data-route=\"app.article\" data-param=\"articleId\" ui-sref=\"app.article({articleId: 45473})\" alt=\"TRANSFERT. Un dossier qui s\u2019\u00e9ternise : apr\u00e8s 126 matchs avec Toulouse, o\u00f9 jouera ce soldat la saison prochaine ?\" title=\"TRANSFERT. Un dossier qui s\u2019\u00e9ternise : apr\u00e8s 126 matchs avec Toulouse, o\u00f9 jouera ce soldat la saison prochaine ?\" rel=\"nofollow noopener\" target=\"_blank\"><img decoding=\"async\" src=\"https:\/\/www.europesays.com\/fr\/wp-content\/uploads\/2025\/07\/top-14-102-points-inscrits-en-2-matchs-toulouse-vise-lecrasement-total-les-records-vont-tomber-13-05.jpeg\" alt=\"TRANSFERT. Un dossier qui s\u2019\u00e9ternise : apr\u00e8s 126 matchs avec Toulouse, o\u00f9 jouera ce soldat la saison prochaine ?\"\/>TRANSFERT. Un dossier qui s\u2019\u00e9ternise : apr\u00e8s 126 matchs avec Toulouse, o\u00f9 jouera ce soldat la saison prochaine ?<\/a><\/p>\n<p>Et puis les liens se sont r\u00e9chauff\u00e9s, \u00e0 l\u2019initiative de Woki.\u00a0\u00ab\u00a0D\u00e8s la saison pass\u00e9e, Cameron avait commenc\u00e9 \u00e0 envoyer quelques messages en disant qu\u2019il regrettait un peu Bordeaux et je crois que la greffe \u00e0 <a href=\"https:\/\/www.lerugbynistere.fr\/clubs\/stade-francais.php\" ui-sref=\"app.team({teamId: 40})\" alt=\"Paris\" data-route=\"app.team\" data-param=\"teamId\" data-id=\"40\" rel=\"nofollow noopener\" target=\"_blank\">Paris<\/a> n\u2019avait pas vraiment pris. Cette ann\u00e9e, il a \u00e9t\u00e9 un peu plus insistant. En fin de saison, il y a eu un contexte o\u00f9 on a estim\u00e9 que tout \u00e9tait r\u00e9uni. Il fallait remplacer Guido Petti, il nous fallait un expert sur la touche et il est tr\u00e8s fort l\u00e0-dessus.\u00a0\u00bb<\/p>\n<p>C\u2019est ainsi que le champion du monde U20, aujourd\u2019hui \u00e2g\u00e9 de 26 ans, va revenir en Gironde. \u00ab\u00a0Nous \u00e9tions devenus champions d\u2019Europe, c\u2019\u00e9tait important, qu\u2019il arrive dans un contexte d\u2019un club qui a gagn\u00e9 sans lui et o\u00f9 c\u2019est \u00e0 lui de se mettre au diapason du club. Cameron a aussi fait des efforts pour pouvoir revenir \u00e0 l\u2019Union Bordeaux-B\u00e8gles, ce qui nous a confort\u00e9 dans sa grande motivation \u00e0 nous rejoindre.\u00a0\u00bb<\/p>\n<p><a class=\"inserer_lien_article\" href=\"https:\/\/www.lerugbynistere.fr\/news\/xv-de-france-comme-dusautoir-en-2007-le-white-destroyer-alex-fischer-sest-fait-un-nom-au-pays-des-all-blacks-0507251153.php\" data-id=\"45470\" data-route=\"app.article\" data-param=\"articleId\" ui-sref=\"app.article({articleId: 45470})\" alt=\"XV DE FRANCE. Comme Dusautoir en 2007, le &#039;&#039;White Destroyer&#039;&#039; Alex Fischer s\u2019est fait un nom au pays des All Blacks\" title=\"XV DE FRANCE. Comme Dusautoir en 2007, le &#039;&#039;White Destroyer&#039;&#039; Alex Fischer s\u2019est fait un nom au pays des All Blacks\" rel=\"nofollow noopener\" target=\"_blank\"><img decoding=\"async\" src=\"https:\/\/www.europesays.com\/fr\/wp-content\/uploads\/2025\/07\/yt-05-07-25-408.jpg\" alt=\"XV DE FRANCE. Comme Dusautoir en 2007, le ''White Destroyer'' Alex Fischer s\u2019est fait un nom au pays des All Blacks\"\/>XV DE FRANCE. Comme Dusautoir en 2007, le \u00a0\u00bbWhite Destroyer\u00a0\u00bb Alex Fischer s\u2019est fait un nom au pays des All Blacks<\/a><\/p>\n<p>Ce retour au club va-t-il relancer le 3\u00e8me ou 2\u00e8me aux 32 s\u00e9lections en vue de l\u2019\u00e9quipe de France ? C\u2019est tr\u00e8s certainement ce qu\u2019il esp\u00e8re, lui qui a perdu sa place durant ses ann\u00e9es au Racing. Il fait d\u2019ailleurs partie des joueurs d\u2019exp\u00e9rience qui ont encadr\u00e9 les jeunes Bleus ce samedi en <a href=\"https:\/\/www.lerugbynistere.fr\/equipes-nationales\/all-blacks.php\" ui-sref=\"app.team({teamId: 24})\" alt=\"Nouvelle-Z\u00e9lande\" data-route=\"app.team\" data-param=\"teamId\" data-id=\"24\" rel=\"nofollow noopener\" target=\"_blank\">Nouvelle-Z\u00e9lande<\/a>, lui qui \u00e9tait rempla\u00e7ant et a m\u00eame marqu\u00e9 un <a href=\"https:\/\/www.lerugbynistere.fr\/videos\/essais.php\" ui-sref=\"app.tag\" alt=\"Essai\" data-route=\"app.tag\" data-param=\"slug\" data-id=\"essais\" rel=\"nofollow noopener\" target=\"_blank\">essai<\/a>. <\/p>\n","protected":false},"excerpt":{"rendered":"C\u2019est un transfert qui n\u2019a pas fait beaucoup de bruit au regard de son importance. Pourtant, pendant que&hellip;\n","protected":false},"author":2,"featured_media":229469,"comment_status":"","ping_status":"","sticky":false,"template":"","format":"standard","meta":{"footnotes":""},"categories":[1416],"tags":[1011,27,479,1468,60],"class_list":{"0":"post-229468","1":"post","2":"type-post","3":"status-publish","4":"format-standard","5":"has-post-thumbnail","7":"category-rugby","8":"tag-fr","9":"tag-france","10":"tag-rugby","11":"tag-rugby-football","12":"tag-sports"},"share_on_mastodon":{"url":"https:\/\/pubeurope.com\/@fr\/114803902097665868","error":""},"_links":{"self":[{"href":"https:\/\/www.europesays.com\/fr\/wp-json\/wp\/v2\/posts\/229468","targetHints":{"allow":["GET"]}}],"collection":[{"href":"https:\/\/www.europesays.com\/fr\/wp-json\/wp\/v2\/posts"}],"about":[{"href":"https:\/\/www.europesays.com\/fr\/wp-json\/wp\/v2\/types\/post"}],"author":[{"embeddable":true,"href":"https:\/\/www.europesays.com\/fr\/wp-json\/wp\/v2\/users\/2"}],"replies":[{"embeddable":true,"href":"https:\/\/www.europesays.com\/fr\/wp-json\/wp\/v2\/comments?post=229468"}],"version-history":[{"count":0,"href":"https:\/\/www.europesays.com\/fr\/wp-json\/wp\/v2\/posts\/229468\/revisions"}],"wp:featuredmedia":[{"embeddable":true,"href":"https:\/\/www.europesays.com\/fr\/wp-json\/wp\/v2\/media\/229469"}],"wp:attachment":[{"href":"https:\/\/www.europesays.com\/fr\/wp-json\/wp\/v2\/media?parent=229468"}],"wp:term":[{"taxonomy":"category","embeddable":true,"href":"https:\/\/www.europesays.com\/fr\/wp-json\/wp\/v2\/categories?post=229468"},{"taxonomy":"post_tag","embeddable":true,"href":"https:\/\/www.europesays.com\/fr\/wp-json\/wp\/v2\/tags?post=229468"}],"curies":[{"name":"wp","href":"https:\/\/api.w.org\/{rel}","templated":true}]}}