{"id":229480,"date":"2025-07-06T02:27:16","date_gmt":"2025-07-06T02:27:16","guid":{"rendered":"https:\/\/www.europesays.com\/fr\/229480\/"},"modified":"2025-07-06T02:27:16","modified_gmt":"2025-07-06T02:27:16","slug":"nicolas-cage-michael-chiklis-les-stars-du-cinema-lui-rendent-hommage","status":"publish","type":"post","link":"https:\/\/www.europesays.com\/fr\/229480\/","title":{"rendered":"Nicolas Cage, Michael Chiklis\u2026 Les stars du cin\u00e9ma lui rendent hommage"},"content":{"rendered":"<p>Si Julian McMahon reste associ\u00e9 aux r\u00f4les qu&rsquo;il a port\u00e9s dans les s\u00e9ries Charmed et Nip\/Tuck, le com\u00e9dien, disparu le 2 juillet, a aussi fait carri\u00e8re au cin\u00e9ma. Ses anciens camarades de jeu dans The Surfer ou dans Les Quatre Fantastiques lui ont rendu de vibrants hommages, ces derni\u00e8res heures.<\/p>\n<p>Le monde du cin\u00e9ma est sous le choc, depuis l&rsquo;annonce de <a href=\"https:\/\/www.programme-tv.net\/news\/people\/382691-julian-mcmahon-l-acteur-de-nip-tuck-et-charmed-est-mort-a-l-age-de-56-ans\/\" data-api-deeplink=\"teleloisirs:\/\/news\/382691\" target=\"_blank\" rel=\"noopener\">la disparition de Julian McMahon<\/a>. Car si le com\u00e9dien australien, d\u00e9c\u00e9d\u00e9 en ce d\u00e9but juillet \u00e0 l&rsquo;\u00e2ge de 56 ans, est devenu une v\u00e9ritable star gr\u00e2ce \u00e0 ses r\u00f4les dans les s\u00e9ries <a href=\"https:\/\/www.programme-tv.net\/news\/people\/382694-mort-de-julian-mcmahon-les-acteurs-de-charmed-devastes-alyssa-milano-holly-marie-combs-et-les-autres-lui-rendent-hommage\/\" data-api-deeplink=\"teleloisirs:\/\/news\/382694\" target=\"_blank\" rel=\"noopener\">Charmed<\/a> et <a href=\"https:\/\/www.programme-tv.net\/news\/series-tv\/382695-mort-de-julian-mcmahon-nip-tuck-ses-partenaires-dylan-walsh-et-kelly-carlson-sous-le-choc\/\" data-api-deeplink=\"teleloisirs:\/\/news\/382695\" target=\"_blank\" rel=\"noopener\">Nip\/Tuck<\/a>, il avait \u00e9galement tourn\u00e9 dans une vingtaine de films. L&rsquo;ann\u00e9e derni\u00e8re, Julian McMahon \u00e9tait d&rsquo;ailleurs pr\u00e9sent \u00e0 la 77e \u00e9dition du Festival de Cannes. Il avait mont\u00e9 les marches aux c\u00f4t\u00e9s de Nicolas Cage pour pr\u00e9senter The Surfer, long m\u00e9trage dans lequel ils incarnent deux passionn\u00e9s de glisse qui s&rsquo;affrontent sur une plage australienne. La star hollywoodienne a fait part de son \u00e9motion apr\u00e8s la disparition de son ancien camarade de jeu. \u00ab\u00a0J&rsquo;ai pass\u00e9 six semaines \u00e0 travailler avec Julian, et il \u00e9tait l&rsquo;acteur le plus talentueux qui soit, a r\u00e9agi Nicolas Cage, relate <a href=\"https:\/\/www.the-sun.com\/entertainment\/14634602\/julian-mcmahon-dead-cancer-tributes\/\" target=\"_blank\" rel=\"noopener\">The Sun<\/a>. <b>Nos sc\u00e8nes ensemble dans <\/b><b>The Surfer <\/b><b>\u00e9taient parmi mes pr\u00e9f\u00e9r\u00e9es auxquelles j&rsquo;ai particip\u00e9<\/b>, et Julian est l&rsquo;une de mes personnes pr\u00e9f\u00e9r\u00e9es. C&rsquo;\u00e9tait un homme gentil et intelligent. Mes amiti\u00e9s vont \u00e0 sa famille.\u00a0\u00bb<\/p>\n<p>                        \u00ab\u00a0M\u00eame si nous jouions les ennemis de l&rsquo;autre&#8230;\u00a0\u00bb : Ioan Gruffudd r\u00e9agit \u00e0 la mort de Julian McMahon, son rival des 4 Fantastiques<\/p>\n<p>La carri\u00e8re de Julian McMahon au cin\u00e9ma a pris son envol, au milieu des ann\u00e9es 2000, gr\u00e2ce \u00e0 son r\u00f4le de super-vilain, dans les premi\u00e8res incursions dans les salles obscures des Quatre Fantastiques, en 2005 et en 2007. Ioan Gruffudd, qui fut son partenaire dans ces deux adaptations du c\u00e9l\u00e8bre comic Marvel, a qualifi\u00e9 la nouvelle de la mort de Julian McMahon de \u00ab\u00a0terriblement triste\u00a0\u00bb, ce samedi, <a href=\"https:\/\/www.instagram.com\/p\/DLtBP_rSnBQ\/?igsh=MW91bzJzNHpsb29hbQ%3D%3D&amp;img_index=1\" rel=\"nofollow noopener\" target=\"_blank\">sur Instagram<\/a>. \u00ab\u00a0M\u00eame si nous jouions les ennemis de l&rsquo;autre [M. Fantastique pour l&rsquo;un et le Docteur Fatalis pour l&rsquo;autre], il y avait toujours tant de l\u00e9g\u00e8ret\u00e9 et de rires en travaillant ensemble, poursuit le com\u00e9dien, que l&rsquo;on a vu en 2024 dans Bad Boys : Ride or Die. Chaque rencontre avec lui \u00e9tait une joie.\u00a0\u00bb<\/p>\n<p>            \u00ab\u00a0D\u00e9vast\u00e9 d&rsquo;apprendre le d\u00e9c\u00e8s de mon ami\u00a0\u00bb : Michael Chiklis fait part de son \u00e9motion apr\u00e8s la mort de Julian McMahon<\/p>\n<p>Michael Chiklis, qui jouait la Chose, le c\u00e9l\u00e8bre personnage recouvert d&rsquo;un \u00e9piderme rocailleux, dans les premiers films sur Les Quatre Fantastiques, a lui aussi confi\u00e9 \u00e0 quel point il \u00e9tait affect\u00e9 par la disparition de Julian McMahon, ce samedi, <a href=\"https:\/\/www.instagram.com\/reel\/DLtOCR9PmCa\/\" rel=\"nofollow noopener\" target=\"_blank\">sur Instagram<\/a>. \u00ab\u00a0Je suis d\u00e9vast\u00e9 d&rsquo;apprendre le d\u00e9c\u00e8s de mon ami Julian, \u00e9crit-il, en accompagnant son post d&rsquo;une photo o\u00f9 il appara\u00eet aux c\u00f4t\u00e9s de Julian McMahon et de <a href=\"https:\/\/www.programme-tv.net\/biographie\/1973-alba-jessica\/\" data-link-people=\"828fd0cb-7ded-4941-b0d6-812845b3f3dd\" target=\"_blank\" rel=\"noopener\">Jessica Alba<\/a>. La vie est si pr\u00e9cieuse et fragile. Mes condol\u00e9ances \u00e0 sa famille.\u00a0\u00bb<\/p>\n<p>Article \u00e9crit en collaboration avec 6M\u00e9dias<\/p>\n<p>        <script async src=\"\/\/www.instagram.com\/embed.js\"><\/script><\/p>\n","protected":false},"excerpt":{"rendered":"Si Julian McMahon reste associ\u00e9 aux r\u00f4les qu&rsquo;il a port\u00e9s dans les s\u00e9ries Charmed et Nip\/Tuck, le com\u00e9dien,&hellip;\n","protected":false},"author":2,"featured_media":229481,"comment_status":"","ping_status":"","sticky":false,"template":"","format":"standard","meta":{"footnotes":""},"categories":[1359],"tags":[6928,36814,244,58,59,1011,27,36811,4879,36810,36807,36816,36815,36813,36809,18,36808,973,36812],"class_list":{"0":"post-229480","1":"post","2":"type-post","3":"status-publish","4":"format-standard","5":"has-post-thumbnail","7":"category-people","8":"tag-channel_interviews","9":"tag-charmed","10":"tag-commentaire","11":"tag-divertissement","12":"tag-entertainment","13":"tag-fr","14":"tag-france","15":"tag-guid_5982443130001","16":"tag-hommage","17":"tag-ioan-gruffudd","18":"tag-julian-mcmahon","19":"tag-les-4-fantastiques-et-le-surfer-dargent","20":"tag-marvels-runaways","21":"tag-marvels-runaways-30249224","22":"tag-michael-chiklis","23":"tag-mort","24":"tag-nicolas-cage","25":"tag-people","26":"tag-uuid_bd445ed6-3bd9-474b-92f6-ecb8f7889087"},"share_on_mastodon":{"url":"https:\/\/pubeurope.com\/@fr\/114803929416350337","error":""},"_links":{"self":[{"href":"https:\/\/www.europesays.com\/fr\/wp-json\/wp\/v2\/posts\/229480","targetHints":{"allow":["GET"]}}],"collection":[{"href":"https:\/\/www.europesays.com\/fr\/wp-json\/wp\/v2\/posts"}],"about":[{"href":"https:\/\/www.europesays.com\/fr\/wp-json\/wp\/v2\/types\/post"}],"author":[{"embeddable":true,"href":"https:\/\/www.europesays.com\/fr\/wp-json\/wp\/v2\/users\/2"}],"replies":[{"embeddable":true,"href":"https:\/\/www.europesays.com\/fr\/wp-json\/wp\/v2\/comments?post=229480"}],"version-history":[{"count":0,"href":"https:\/\/www.europesays.com\/fr\/wp-json\/wp\/v2\/posts\/229480\/revisions"}],"wp:featuredmedia":[{"embeddable":true,"href":"https:\/\/www.europesays.com\/fr\/wp-json\/wp\/v2\/media\/229481"}],"wp:attachment":[{"href":"https:\/\/www.europesays.com\/fr\/wp-json\/wp\/v2\/media?parent=229480"}],"wp:term":[{"taxonomy":"category","embeddable":true,"href":"https:\/\/www.europesays.com\/fr\/wp-json\/wp\/v2\/categories?post=229480"},{"taxonomy":"post_tag","embeddable":true,"href":"https:\/\/www.europesays.com\/fr\/wp-json\/wp\/v2\/tags?post=229480"}],"curies":[{"name":"wp","href":"https:\/\/api.w.org\/{rel}","templated":true}]}}